{"id":1303,"date":"2012-09-11T10:09:27","date_gmt":"2012-09-11T08:09:27","guid":{"rendered":"http:\/\/lecarreau.de\/?p=1303"},"modified":"2020-07-19T17:00:14","modified_gmt":"2020-07-19T16:00:14","slug":"geschafft","status":"publish","type":"post","link":"https:\/\/lecarreau.de\/?p=1303","title":{"rendered":"Geschafft!"},"content":{"rendered":"<p><span style=\"color: #000000;\"><strong><strong><em>Letzter Ligaspieltag 2012 auf der Tromm<\/em><\/strong><\/strong><\/span><\/p>\n<p>Wieder einmal wurde auf der Tromm bei Extremwetter gespielt und geschwitzt &#8211; vor Hitze und vor Anspannung &#8211; denn f\u00fcr das Team unserer 1. Mannschaft ging es gegen den Abstieg. Hans, Jockel, Heinz, Thomas, Gerd und Raimund lieferten sich eine Hitzeschlacht mit ihren Kontrahenten, denen sie am Ende 3 Spielpunkte abringen konnten.\u00a0Um Haaresbreite und Dank des besseren<em> Torverh\u00e4ltnisses<\/em> (so sagt es die Tabelle) schafft damit unsere Erste den 7. Platz in ihrer Gruppe und sichert sich den Verbleib in der Zweiten Liga. Denkbar knapp und hart erk\u00e4mpft! Gut gemacht!<\/p>\n<p>Die Zweite richtete sich in der Dritten Liga im sicheren Mittelfeld ein und \u00a0erreichte mit der gleichen Anzahl an Siegpunkten wie im letzten Jahr (4) und einem identischem Torverh\u00e4ltnis (23:22) den 5. Platz in ihrer Gruppe. Das kann \u00a0getrost als eine konstante Leistung gewertet werden. Ausgeglichen, harmonisch \u00a0und verl\u00e4sslich. Bravo!<\/p>\n<p>Doch liegt es ja auf der Hand, wenn man sich die Gesetze der Zahlenmystik einmal vergegenw\u00e4rtigt, dass die Erste in die Erste und die Zweite in die Zweite geh\u00f6rt. Nur so machen die Zahlen Sinn. Auch k\u00f6nnte man es sich viel besser merken, und es w\u00e4re einfacher zu erkl\u00e4ren.. Also: nach oben ist noch Luft. Im n\u00e4chsten Jahr wird wieder angegriffen. Die Erste geh\u00f6rt in die Erste und die Zweite in die Zweite.<\/p>\n<p><a href=\"https:\/\/lecarreau.de\/wp-content\/uploads\/2012\/09\/Tromm.jpg\"><img decoding=\"async\" class=\"aligncenter size-full wp-image-1307\" title=\"Tromm\" src=\"https:\/\/lecarreau.de\/wp-content\/uploads\/2012\/09\/Tromm.jpg\" alt=\"\" \/><\/a><em>Die Erste bei der Kabinenansprache<\/em><\/p>\n<p><em><br \/>\n<\/em><\/p>\n<p><span style=\"font-style: italic; font-weight: bold;\">Corinna qualifiziert sich gemeinsam mit ihrem Team f\u00fcr dieDeutsche Meisterschaft im Triplette der Frauen!<\/span><\/p>\n<p>Gemeinsam mit Kerstin Henkel und Vera Pankotsch gelang es Corinna Mielchen, sich f\u00fcr die DM der Frauen, Triplette, zu qualifizieren. Die DM findet am 22. und 23.9.2012 in Leipzig statt. Toll gemacht Corinna! Wir werden berichten und dr\u00fccken Euch die Daumen.<\/p>\n<p>(Nachricht vom 24.9.12) <em><strong>Corinna und ihr Team erreichen das Viertelfinale und belegen den 5. Platz in der Gesamtwertung.<\/strong><\/em> \u00a0Soweit ich das verstanden habe seid Ihr damit im n\u00e4chsten Jahr wieder dabei und werdet dann Deutsche Meister.\u00a0Herzlichen Gl\u00fcckwunsch von dieser Stelle. \u00dcber einen kleinen Bericht aus erster Hand w\u00fcrden wir uns freuen.<\/p>\n<p>&nbsp;<\/p>\n<p>&nbsp;<\/p>\n","protected":false},"excerpt":{"rendered":"<p>Letzter Ligaspieltag 2012 auf der Tromm Wieder einmal wurde auf der Tromm bei Extremwetter gespielt und geschwitzt &#8211; vor Hitze und vor Anspannung &#8211; denn f\u00fcr das Team unserer 1. Mannschaft ging es gegen den Abstieg. Hans, Jockel, Heinz, Thomas, &hellip; <a href=\"https:\/\/lecarreau.de\/?p=1303\">Weiterlesen <span class=\"meta-nav\">&rarr;<\/span><\/a><\/p>\n","protected":false},"author":11,"featured_media":0,"comment_status":"closed","ping_status":"open","sticky":false,"template":"","format":"standard","meta":{"footnotes":""},"categories":[1],"tags":[],"class_list":["post-1303","post","type-post","status-publish","format-standard","hentry","category-uncategorized"],"_links":{"self":[{"href":"https:\/\/lecarreau.de\/index.php?rest_route=\/wp\/v2\/posts\/1303","targetHints":{"allow":["GET"]}}],"collection":[{"href":"https:\/\/lecarreau.de\/index.php?rest_route=\/wp\/v2\/posts"}],"about":[{"href":"https:\/\/lecarreau.de\/index.php?rest_route=\/wp\/v2\/types\/post"}],"author":[{"embeddable":true,"href":"https:\/\/lecarreau.de\/index.php?rest_route=\/wp\/v2\/users\/11"}],"replies":[{"embeddable":true,"href":"https:\/\/lecarreau.de\/index.php?rest_route=%2Fwp%2Fv2%2Fcomments&post=1303"}],"version-history":[{"count":20,"href":"https:\/\/lecarreau.de\/index.php?rest_route=\/wp\/v2\/posts\/1303\/revisions"}],"predecessor-version":[{"id":1316,"href":"https:\/\/lecarreau.de\/index.php?rest_route=\/wp\/v2\/posts\/1303\/revisions\/1316"}],"wp:attachment":[{"href":"https:\/\/lecarreau.de\/index.php?rest_route=%2Fwp%2Fv2%2Fmedia&parent=1303"}],"wp:term":[{"taxonomy":"category","embeddable":true,"href":"https:\/\/lecarreau.de\/index.php?rest_route=%2Fwp%2Fv2%2Fcategories&post=1303"},{"taxonomy":"post_tag","embeddable":true,"href":"https:\/\/lecarreau.de\/index.php?rest_route=%2Fwp%2Fv2%2Ftags&post=1303"}],"curies":[{"name":"wp","href":"https:\/\/api.w.org\/{rel}","templated":true}]}}