{"id":1467,"date":"2013-05-18T18:35:17","date_gmt":"2013-05-18T16:35:17","guid":{"rendered":"http:\/\/lecarreau.de\/?p=1467"},"modified":"2013-05-18T22:20:19","modified_gmt":"2013-05-18T20:20:19","slug":"16-marburger-frauen-bouleturnier-2","status":"publish","type":"post","link":"https:\/\/lecarreau.de\/?p=1467","title":{"rendered":"16. Marburger Frauen-Bouleturnier &#8230;"},"content":{"rendered":"<p><em><strong>&#8230; und der Teufel feiert Hochzeit!<\/strong><\/em><\/p>\n<div id=\"attachment_1468\" style=\"width: 227px\" class=\"wp-caption alignleft\"><a href=\"https:\/\/lecarreau.de\/wp-content\/uploads\/2013\/05\/IMG_2083.jpg\"><img loading=\"lazy\" decoding=\"async\" aria-describedby=\"caption-attachment-1468\" class=\"size-medium wp-image-1468\" title=\"IMG_2083\" src=\"https:\/\/lecarreau.de\/wp-content\/uploads\/2013\/05\/IMG_2083-217x300.jpg\" alt=\"\" width=\"217\" height=\"300\" srcset=\"https:\/\/lecarreau.de\/wp-content\/uploads\/2013\/05\/IMG_2083-217x300.jpg 217w, https:\/\/lecarreau.de\/wp-content\/uploads\/2013\/05\/IMG_2083.jpg 463w\" sizes=\"auto, (max-width: 217px) 100vw, 217px\" \/><\/a><p id=\"caption-attachment-1468\" class=\"wp-caption-text\">Der Teufel feiert Hochzeit<\/p><\/div>\n<p>So nennt es der Volksmund, wenn w\u00e4hrend eines Regengusses gleichzeitig die Sonne strahlt. Ein solches Wetterph\u00e4nomen an sich w\u00e4re ja noch leicht zu ertragen gewesen, doch gab es \u00a0auch Wolkenbr\u00fcche pur bis die Schweinchen schwammen und anschlie\u00dfend sengende Sonne, dass die H\u00fctte dampfte, in der, \u00a0allen Widrigkeiten zum Trotz, die Bewirtungsmannschaft ausharrte, um die spielende Zunft zumindest mit Brownie-B\u00f6mbchen an Karamellso\u00dfe, indischem Dhal der versch\u00e4rften Art, Grillware vom Lamm und diversen anderen K\u00f6stlichkeiten zu tr\u00f6sten und am Weglaufen zu hindern.<\/p>\n<div id=\"attachment_1469\" style=\"width: 195px\" class=\"wp-caption alignright\"><a href=\"https:\/\/lecarreau.de\/wp-content\/uploads\/2013\/05\/IMG_2090.jpg\"><img loading=\"lazy\" decoding=\"async\" aria-describedby=\"caption-attachment-1469\" class=\"size-medium wp-image-1469 \" title=\"IMG_2090\" src=\"https:\/\/lecarreau.de\/wp-content\/uploads\/2013\/05\/IMG_2090-185x300.jpg\" alt=\"\" width=\"185\" height=\"300\" srcset=\"https:\/\/lecarreau.de\/wp-content\/uploads\/2013\/05\/IMG_2090-185x300.jpg 185w, https:\/\/lecarreau.de\/wp-content\/uploads\/2013\/05\/IMG_2090-632x1024.jpg 632w, https:\/\/lecarreau.de\/wp-content\/uploads\/2013\/05\/IMG_2090.jpg 1190w\" sizes=\"auto, (max-width: 185px) 100vw, 185px\" \/><\/a><p id=\"caption-attachment-1469\" class=\"wp-caption-text\">Die H\u00fctte dampft<\/p><\/div>\n<p>Ein Team war leider nicht zu halten und ging in den Wetterwirren verloren, so dass von den 16 gestarteten Mannschaften 15 das Turnier fortsetzten.<\/p>\n<div id=\"attachment_1470\" style=\"width: 208px\" class=\"wp-caption alignleft\"><a href=\"https:\/\/lecarreau.de\/wp-content\/uploads\/2013\/05\/IMG_2069.jpg\"><img loading=\"lazy\" decoding=\"async\" aria-describedby=\"caption-attachment-1470\" class=\"size-medium wp-image-1470\" title=\"IMG_2069\" src=\"https:\/\/lecarreau.de\/wp-content\/uploads\/2013\/05\/IMG_2069-198x300.jpg\" alt=\"\" width=\"198\" height=\"300\" srcset=\"https:\/\/lecarreau.de\/wp-content\/uploads\/2013\/05\/IMG_2069-198x300.jpg 198w, https:\/\/lecarreau.de\/wp-content\/uploads\/2013\/05\/IMG_2069.jpg 424w\" sizes=\"auto, (max-width: 198px) 100vw, 198px\" \/><\/a><p id=\"caption-attachment-1470\" class=\"wp-caption-text\">Suchbild: Wo ist die Auslinie?<\/p><\/div>\n<p>In den sp\u00e4ten Nachmittagsstunden beruhigte sich die Wetterk\u00fcche, und die letzten Spiele waren von guter Laune getragen und fanden in positiv entspannter Atmosph\u00e4re statt. Prosecco w\u00e4hrend des Finales &#8211; das gibt es nur beim Frauenturnier. Das Team Marion M\u00fcller &amp; Melitta Heydt trafen in besagtem Endspiel auf die Paarung Vera Pankotsch &amp; Corinna Mielchen. Die beiden Teams begegneten sich auf Augenh\u00f6he und lieferten sich ein spannendes Finale, das am Ende Marion &amp; Melitta knapp zu 11 f\u00fcr sich entscheiden konnten. Die Halbfinalsieger des B-Turniers entschlossen sich, ihr Endspiel nicht auszutragen, teilten sich den Gewinn und machten sich von dannen. Somit kam es zu folgendem Endstand:<\/p>\n<p><strong>A1: Marion M\u00fcller\/Melitta Heydt<\/strong> &#8211; <strong>A2<\/strong>: Vera Pankotsch\/Corinna Mielchen &#8211;<strong>A3<\/strong>: Julia Ullrich\/Petra Ullrich &#8211; <strong>A4<\/strong>: Barbara Klostermann\/Katharina Klostermann &#8211; <strong>B1<\/strong>: nicht ausgespielt &#8211; <strong>B2<\/strong>: Ellen Gr\u00f6gel-Porps\/Lolita H\u00f6rnlein &amp; Corinna Mrowiec\/Gerlinde Fischer &#8211; <strong>B3<\/strong>: nicht ausgespielt &#8211; <strong>B4<\/strong>: D. Hutzler\/U. Sch\u00f6ning &amp; Christiane Georg-Fennel\/Sabine Groh\u00e9<\/p>\n<div id=\"attachment_1473\" style=\"width: 650px\" class=\"wp-caption aligncenter\"><a href=\"https:\/\/lecarreau.de\/wp-content\/uploads\/2013\/05\/IMG_36091.jpg\"><img loading=\"lazy\" decoding=\"async\" aria-describedby=\"caption-attachment-1473\" class=\"size-large wp-image-1473\" title=\"IMG_3609-2\" src=\"https:\/\/lecarreau.de\/wp-content\/uploads\/2013\/05\/IMG_36091-1024x658.jpg\" alt=\"\" width=\"640\" height=\"411\" srcset=\"https:\/\/lecarreau.de\/wp-content\/uploads\/2013\/05\/IMG_36091-1024x658.jpg 1024w, https:\/\/lecarreau.de\/wp-content\/uploads\/2013\/05\/IMG_36091-300x192.jpg 300w, https:\/\/lecarreau.de\/wp-content\/uploads\/2013\/05\/IMG_36091.jpg 1280w\" sizes=\"auto, (max-width: 640px) 100vw, 640px\" \/><\/a><p id=\"caption-attachment-1473\" class=\"wp-caption-text\">Die gut gelaunten Finalistinnen<\/p><\/div>\n<p>Wir freuen uns auf ein n\u00e4chstes Mal und hoffen auf verst\u00e4rkten Andrang bei optimierten Wetterverh\u00e4ltnissen, denn die Atmosph\u00e4re bei dieser speziellen Veranstaltung ist jenseits aller Umst\u00e4nde wirklich erlebenswert.<\/p>\n<p>&nbsp;<\/p>\n","protected":false},"excerpt":{"rendered":"<p>&#8230; und der Teufel feiert Hochzeit! So nennt es der Volksmund, wenn w\u00e4hrend eines Regengusses gleichzeitig die Sonne strahlt. Ein solches Wetterph\u00e4nomen an sich w\u00e4re ja noch leicht zu ertragen gewesen, doch gab es \u00a0auch Wolkenbr\u00fcche pur bis die Schweinchen &hellip; <a href=\"https:\/\/lecarreau.de\/?p=1467\">Weiterlesen <span class=\"meta-nav\">&rarr;<\/span><\/a><\/p>\n","protected":false},"author":11,"featured_media":0,"comment_status":"open","ping_status":"open","sticky":false,"template":"","format":"standard","meta":{"footnotes":""},"categories":[1],"tags":[],"class_list":["post-1467","post","type-post","status-publish","format-standard","hentry","category-uncategorized"],"_links":{"self":[{"href":"https:\/\/lecarreau.de\/index.php?rest_route=\/wp\/v2\/posts\/1467","targetHints":{"allow":["GET"]}}],"collection":[{"href":"https:\/\/lecarreau.de\/index.php?rest_route=\/wp\/v2\/posts"}],"about":[{"href":"https:\/\/lecarreau.de\/index.php?rest_route=\/wp\/v2\/types\/post"}],"author":[{"embeddable":true,"href":"https:\/\/lecarreau.de\/index.php?rest_route=\/wp\/v2\/users\/11"}],"replies":[{"embeddable":true,"href":"https:\/\/lecarreau.de\/index.php?rest_route=%2Fwp%2Fv2%2Fcomments&post=1467"}],"version-history":[{"count":7,"href":"https:\/\/lecarreau.de\/index.php?rest_route=\/wp\/v2\/posts\/1467\/revisions"}],"predecessor-version":[{"id":1477,"href":"https:\/\/lecarreau.de\/index.php?rest_route=\/wp\/v2\/posts\/1467\/revisions\/1477"}],"wp:attachment":[{"href":"https:\/\/lecarreau.de\/index.php?rest_route=%2Fwp%2Fv2%2Fmedia&parent=1467"}],"wp:term":[{"taxonomy":"category","embeddable":true,"href":"https:\/\/lecarreau.de\/index.php?rest_route=%2Fwp%2Fv2%2Fcategories&post=1467"},{"taxonomy":"post_tag","embeddable":true,"href":"https:\/\/lecarreau.de\/index.php?rest_route=%2Fwp%2Fv2%2Ftags&post=1467"}],"curies":[{"name":"wp","href":"https:\/\/api.w.org\/{rel}","templated":true}]}}