{"id":1718,"date":"2014-04-09T18:02:24","date_gmt":"2014-04-09T16:02:24","guid":{"rendered":"http:\/\/lecarreau.de\/?p=1718"},"modified":"2020-07-19T17:00:27","modified_gmt":"2020-07-19T16:00:27","slug":"now-declare-this-bazaar-is-open","status":"publish","type":"post","link":"https:\/\/lecarreau.de\/?p=1718","title":{"rendered":"Now declare this bazaar open!"},"content":{"rendered":"<p><strong><em>Saisoner\u00f6ffnung auf neuem Belag, prima Wetter und vielen, gutgelaunten\u00a0Spielerinnen und Spielern!\u00a0<\/em><\/strong><\/p>\n<p><a href=\"https:\/\/lecarreau.de\/wp-content\/uploads\/2014\/04\/Platz.jpg\"><img loading=\"lazy\" decoding=\"async\" class=\"alignleft size-medium wp-image-1735\" alt=\"Platz\" src=\"https:\/\/lecarreau.de\/wp-content\/uploads\/2014\/04\/Platz-225x300.jpg\" width=\"225\" height=\"300\" srcset=\"https:\/\/lecarreau.de\/wp-content\/uploads\/2014\/04\/Platz-225x300.jpg 225w, https:\/\/lecarreau.de\/wp-content\/uploads\/2014\/04\/Platz.jpg 480w\" sizes=\"auto, (max-width: 225px) 100vw, 225px\" \/><\/a>Beim gelungenen Start in die neue Saison wurden wir Marburger Bouler von zahlreichen G\u00e4sten aus befreundeten Vereinen unterst\u00fctzt, was uns ganz besonders gefreut hat und von dieser Stelle nochmals mit einem herzlichen Dank bedacht werden soll. Wir hoffen Ihr hattet eine gute Zeit bei uns, denn die Bedingungen daf\u00fcr waren optimal. 26 Spieler\/innen spielten 6 Runden Superm\u00eal\u00e9e, und das Wetter spielte ebenfalls mit und hatte zur Mittagszeit sogar einen fast sommerlichen Auftritt. Der Platz funkelte im neuen Glanz des frisch aufgetragenen Belags. \u00a0Die Grillmeister schwitzten an der Esse und brutzelten die leckersten Spezialit\u00e4ten und Unmengen von geheimnisvollen W\u00fcrstchen. Kaffee und Kuchen standen bereit und verf\u00fchrten auch die Standhaftesten. Selbst als das Turnier vorbei war, wurde noch weiter gespielt und die Grillstationen nochmals \u00a0angeblasen. Das hat Johnny sicher gefallen. Auf der Jagt nach dem Pokal lagen Martin (2), Ben (3) und Thomas (4) ganz weit vorne, doch entschied sich der P\u00f6mpel diesmal f\u00fcr einen Auslandsaufenthalt und reiste freudig und zuversichtlich mit Micha Groth, der den ersten Platz belegte,\u00a0nach Heuchelheim, wo er in Michas \u00a0f\u00fcrsorglicher Obhut das Jahr verbringen wird. Wir glauben, die beiden mochten sich auf Anhieb:<\/p>\n<div id=\"attachment_1728\" style=\"width: 235px\" class=\"wp-caption alignleft\"><a href=\"https:\/\/lecarreau.de\/wp-content\/uploads\/2014\/04\/IMG_3358.jpg\"><img loading=\"lazy\" decoding=\"async\" aria-describedby=\"caption-attachment-1728\" class=\"size-medium wp-image-1728\" alt=\"Es schw\u00e4tzt net ...\" src=\"https:\/\/lecarreau.de\/wp-content\/uploads\/2014\/04\/IMG_3358-225x300.jpg\" width=\"225\" height=\"300\" srcset=\"https:\/\/lecarreau.de\/wp-content\/uploads\/2014\/04\/IMG_3358-225x300.jpg 225w, https:\/\/lecarreau.de\/wp-content\/uploads\/2014\/04\/IMG_3358-768x1024.jpg 768w, https:\/\/lecarreau.de\/wp-content\/uploads\/2014\/04\/IMG_3358.jpg 960w\" sizes=\"auto, (max-width: 225px) 100vw, 225px\" \/><\/a><p id=\"caption-attachment-1728\" class=\"wp-caption-text\">Es schw\u00e4tzt net &#8230;<\/p><\/div>\n<div id=\"attachment_1729\" style=\"width: 235px\" class=\"wp-caption alignleft\"><a href=\"https:\/\/lecarreau.de\/wp-content\/uploads\/2014\/04\/IMG_33601.jpg\"><img loading=\"lazy\" decoding=\"async\" aria-describedby=\"caption-attachment-1729\" class=\"size-medium wp-image-1729\" alt=\"\u2026 es schmeckt net ...\" src=\"https:\/\/lecarreau.de\/wp-content\/uploads\/2014\/04\/IMG_33601-225x300.jpg\" width=\"225\" height=\"300\" srcset=\"https:\/\/lecarreau.de\/wp-content\/uploads\/2014\/04\/IMG_33601-225x300.jpg 225w, https:\/\/lecarreau.de\/wp-content\/uploads\/2014\/04\/IMG_33601-768x1024.jpg 768w, https:\/\/lecarreau.de\/wp-content\/uploads\/2014\/04\/IMG_33601.jpg 960w\" sizes=\"auto, (max-width: 225px) 100vw, 225px\" \/><\/a><p id=\"caption-attachment-1729\" class=\"wp-caption-text\">\u2026 es schmeckt net &#8230;<\/p><\/div>\n<div id=\"attachment_1727\" style=\"width: 235px\" class=\"wp-caption alignleft\"><a href=\"https:\/\/lecarreau.de\/wp-content\/uploads\/2014\/04\/IMG_33571.jpg\"><img loading=\"lazy\" decoding=\"async\" aria-describedby=\"caption-attachment-1727\" class=\"size-medium wp-image-1727\" alt=\"\u2026 es sieht komisch aus ...\" src=\"https:\/\/lecarreau.de\/wp-content\/uploads\/2014\/04\/IMG_33571-225x300.jpg\" width=\"225\" height=\"300\" srcset=\"https:\/\/lecarreau.de\/wp-content\/uploads\/2014\/04\/IMG_33571-225x300.jpg 225w, https:\/\/lecarreau.de\/wp-content\/uploads\/2014\/04\/IMG_33571-768x1024.jpg 768w, https:\/\/lecarreau.de\/wp-content\/uploads\/2014\/04\/IMG_33571.jpg 960w\" sizes=\"auto, (max-width: 225px) 100vw, 225px\" \/><\/a><p id=\"caption-attachment-1727\" class=\"wp-caption-text\">\u2026 es sieht komisch aus &#8230;<\/p><\/div>\n<div id=\"attachment_1730\" style=\"width: 235px\" class=\"wp-caption alignleft\"><a href=\"https:\/\/lecarreau.de\/wp-content\/uploads\/2014\/04\/IMG_33621.jpg\"><img loading=\"lazy\" decoding=\"async\" aria-describedby=\"caption-attachment-1730\" class=\"size-medium wp-image-1730\" alt=\"\u2026 dess iss de P\u00d6MPEL!\" src=\"https:\/\/lecarreau.de\/wp-content\/uploads\/2014\/04\/IMG_33621-225x300.jpg\" width=\"225\" height=\"300\" srcset=\"https:\/\/lecarreau.de\/wp-content\/uploads\/2014\/04\/IMG_33621-225x300.jpg 225w, https:\/\/lecarreau.de\/wp-content\/uploads\/2014\/04\/IMG_33621-768x1024.jpg 768w, https:\/\/lecarreau.de\/wp-content\/uploads\/2014\/04\/IMG_33621.jpg 960w\" sizes=\"auto, (max-width: 225px) 100vw, 225px\" \/><\/a><p id=\"caption-attachment-1730\" class=\"wp-caption-text\">\u2026 dess iss mein P\u00d6MPEL!<\/p><\/div>\n","protected":false},"excerpt":{"rendered":"<p>Saisoner\u00f6ffnung auf neuem Belag, prima Wetter und vielen, gutgelaunten\u00a0Spielerinnen und Spielern!\u00a0 Beim gelungenen Start in die neue Saison wurden wir Marburger Bouler von zahlreichen G\u00e4sten aus befreundeten Vereinen unterst\u00fctzt, was uns ganz besonders gefreut hat und von dieser Stelle nochmals &hellip; <a href=\"https:\/\/lecarreau.de\/?p=1718\">Weiterlesen <span class=\"meta-nav\">&rarr;<\/span><\/a><\/p>\n","protected":false},"author":11,"featured_media":0,"comment_status":"closed","ping_status":"open","sticky":false,"template":"","format":"standard","meta":{"footnotes":""},"categories":[1],"tags":[],"class_list":["post-1718","post","type-post","status-publish","format-standard","hentry","category-uncategorized"],"_links":{"self":[{"href":"https:\/\/lecarreau.de\/index.php?rest_route=\/wp\/v2\/posts\/1718","targetHints":{"allow":["GET"]}}],"collection":[{"href":"https:\/\/lecarreau.de\/index.php?rest_route=\/wp\/v2\/posts"}],"about":[{"href":"https:\/\/lecarreau.de\/index.php?rest_route=\/wp\/v2\/types\/post"}],"author":[{"embeddable":true,"href":"https:\/\/lecarreau.de\/index.php?rest_route=\/wp\/v2\/users\/11"}],"replies":[{"embeddable":true,"href":"https:\/\/lecarreau.de\/index.php?rest_route=%2Fwp%2Fv2%2Fcomments&post=1718"}],"version-history":[{"count":11,"href":"https:\/\/lecarreau.de\/index.php?rest_route=\/wp\/v2\/posts\/1718\/revisions"}],"predecessor-version":[{"id":1750,"href":"https:\/\/lecarreau.de\/index.php?rest_route=\/wp\/v2\/posts\/1718\/revisions\/1750"}],"wp:attachment":[{"href":"https:\/\/lecarreau.de\/index.php?rest_route=%2Fwp%2Fv2%2Fmedia&parent=1718"}],"wp:term":[{"taxonomy":"category","embeddable":true,"href":"https:\/\/lecarreau.de\/index.php?rest_route=%2Fwp%2Fv2%2Fcategories&post=1718"},{"taxonomy":"post_tag","embeddable":true,"href":"https:\/\/lecarreau.de\/index.php?rest_route=%2Fwp%2Fv2%2Ftags&post=1718"}],"curies":[{"name":"wp","href":"https:\/\/api.w.org\/{rel}","templated":true}]}}