{"id":1834,"date":"2014-09-23T11:47:29","date_gmt":"2014-09-23T09:47:29","guid":{"rendered":"http:\/\/lecarreau.de\/?p=1834"},"modified":"2020-07-19T17:00:40","modified_gmt":"2020-07-19T16:00:40","slug":"einladung-zum-stelldichein","status":"publish","type":"post","link":"https:\/\/lecarreau.de\/?p=1834","title":{"rendered":"Einladung zum Stelldichein"},"content":{"rendered":"<p><div id=\"attachment_1835\" style=\"width: 261px\" class=\"wp-caption alignleft\"><a href=\"https:\/\/lecarreau.de\/wp-content\/uploads\/2014\/09\/Schweine.jpg\"><img loading=\"lazy\" decoding=\"async\" aria-describedby=\"caption-attachment-1835\" class=\"size-medium wp-image-1835\" src=\"https:\/\/lecarreau.de\/wp-content\/uploads\/2014\/09\/Schweine-251x300.jpg\" alt=\"Ein T\u00eate-\u00e0-T\u00eate[1] (nach manchen Quellen auch T\u00eate-\u00e0-t\u00eate; w\u00f6rtlich frz. t\u00eate-\u00e0-t\u00eate \u201aKopf an Kopf\u2018; Adverb: t\u00eate-\u00e0-t\u00eate \u201avertraulich, unter vier Augen\u2018) ist ein vertrauliches Zwiegespr\u00e4ch oder ein Stelldichein\" width=\"251\" height=\"300\" srcset=\"https:\/\/lecarreau.de\/wp-content\/uploads\/2014\/09\/Schweine-251x300.jpg 251w, https:\/\/lecarreau.de\/wp-content\/uploads\/2014\/09\/Schweine.jpg 536w\" sizes=\"auto, (max-width: 251px) 100vw, 251px\" \/><\/a><p id=\"caption-attachment-1835\" class=\"wp-caption-text\">Ein T\u00eate-\u00e0-T\u00eate[1] (nach manchen Quellen auch T\u00eate-\u00e0-t\u00eate; w\u00f6rtlich frz. t\u00eate-\u00e0-t\u00eate \u201aKopf an Kopf\u2018; Adverb: t\u00eate-\u00e0-t\u00eate \u201avertraulich, unter vier Augen\u2018) ist ein vertrauliches Zwiegespr\u00e4ch oder ein Stelldichein<\/p><\/div><strong><em>Saisonabschluss am Sonntag, 28.09.2014, 10:00 Uhr.<\/em><\/strong><\/p>\n<p><span style=\"color: #000000;\">Nach einer ereignisreichen Spielsaison, mit dem Ged\u00e4chtnisturnier f\u00fcr Johnny zu Beginn des Jahres, dem Boulefest anl\u00e4sslich des 20- j\u00e4hrigen Bestehens unseres Vereins, dem Ligaspieltag auf eigenem Platz und dem guten Abschneiden unserer beiden Mannschaften in der Hessenliga,\u00a0<\/span><br style=\"color: #000000;\" \/><span style=\"color: #000000;\">steht nun ein weiteres Ereigniss ins Haus: die\u00a0<\/span><b>Vereinsmeisterschaft zum Saisonabschluss am kommenden Sonntag, dem 28.09.2014. Beginn ist um 10:00 Uhr.<\/b><span style=\"color: #000000;\">\u00a0Gespielt wird\u00a0<span style=\"color: #252525;\">\u00a0<\/span><b style=\"color: #252525;\">T\u00eate-\u00e0-T\u00eate<span style=\"font-size: xx-small;\">.\u00a0<\/span><\/b>F\u00fcr Getr\u00e4nke und Grill ist gesorgt. Die Bruzzelware bitte selbst mitbringen. Falls jemand Lust hat zus\u00e4tzlich noch etwas f\u00fcr die Allgemeinheit beizusteuern (Erstmannschaftskuchen, Zaubertrank, K\u00fcrbissuppe, Biokekse oder \u00e4hnliche Dopingmittel), so ist das nat\u00fcrlich nicht verboten.\u00a0<\/span><br style=\"color: #000000;\" \/><span style=\"color: #000000;\">Wir freuen uns auf den neuen Vereinsmeister, auf einen sonnigen Saisonabschluss und auf Euer zahlreiches Erscheinen!<\/span><\/p>\n","protected":false},"excerpt":{"rendered":"<p>Saisonabschluss am Sonntag, 28.09.2014, 10:00 Uhr. Nach einer ereignisreichen Spielsaison, mit dem Ged\u00e4chtnisturnier f\u00fcr Johnny zu Beginn des Jahres, dem Boulefest anl\u00e4sslich des 20- j\u00e4hrigen Bestehens unseres Vereins, dem Ligaspieltag auf eigenem Platz und dem guten Abschneiden unserer beiden Mannschaften &hellip; <a href=\"https:\/\/lecarreau.de\/?p=1834\">Weiterlesen <span class=\"meta-nav\">&rarr;<\/span><\/a><\/p>\n","protected":false},"author":11,"featured_media":0,"comment_status":"closed","ping_status":"open","sticky":false,"template":"","format":"standard","meta":{"footnotes":""},"categories":[1],"tags":[],"class_list":["post-1834","post","type-post","status-publish","format-standard","hentry","category-uncategorized"],"_links":{"self":[{"href":"https:\/\/lecarreau.de\/index.php?rest_route=\/wp\/v2\/posts\/1834","targetHints":{"allow":["GET"]}}],"collection":[{"href":"https:\/\/lecarreau.de\/index.php?rest_route=\/wp\/v2\/posts"}],"about":[{"href":"https:\/\/lecarreau.de\/index.php?rest_route=\/wp\/v2\/types\/post"}],"author":[{"embeddable":true,"href":"https:\/\/lecarreau.de\/index.php?rest_route=\/wp\/v2\/users\/11"}],"replies":[{"embeddable":true,"href":"https:\/\/lecarreau.de\/index.php?rest_route=%2Fwp%2Fv2%2Fcomments&post=1834"}],"version-history":[{"count":2,"href":"https:\/\/lecarreau.de\/index.php?rest_route=\/wp\/v2\/posts\/1834\/revisions"}],"predecessor-version":[{"id":1837,"href":"https:\/\/lecarreau.de\/index.php?rest_route=\/wp\/v2\/posts\/1834\/revisions\/1837"}],"wp:attachment":[{"href":"https:\/\/lecarreau.de\/index.php?rest_route=%2Fwp%2Fv2%2Fmedia&parent=1834"}],"wp:term":[{"taxonomy":"category","embeddable":true,"href":"https:\/\/lecarreau.de\/index.php?rest_route=%2Fwp%2Fv2%2Fcategories&post=1834"},{"taxonomy":"post_tag","embeddable":true,"href":"https:\/\/lecarreau.de\/index.php?rest_route=%2Fwp%2Fv2%2Ftags&post=1834"}],"curies":[{"name":"wp","href":"https:\/\/api.w.org\/{rel}","templated":true}]}}