{"id":1838,"date":"2014-09-30T15:21:06","date_gmt":"2014-09-30T13:21:06","guid":{"rendered":"http:\/\/lecarreau.de\/?p=1838"},"modified":"2020-07-19T17:00:40","modified_gmt":"2020-07-19T16:00:40","slug":"der-champion-ist-zurueck","status":"publish","type":"post","link":"https:\/\/lecarreau.de\/?p=1838","title":{"rendered":"Der Champion ist zur\u00fcck"},"content":{"rendered":"<div id=\"attachment_1841\" style=\"width: 263px\" class=\"wp-caption alignleft\"><a href=\"https:\/\/lecarreau.de\/wp-content\/uploads\/2014\/09\/IMG_4281.jpg\"><img loading=\"lazy\" decoding=\"async\" aria-describedby=\"caption-attachment-1841\" class=\"size-medium wp-image-1841\" src=\"https:\/\/lecarreau.de\/wp-content\/uploads\/2014\/09\/IMG_4281-253x300.jpg\" alt=\"Vereinsmeister 2014, Hans III\" width=\"253\" height=\"300\" srcset=\"https:\/\/lecarreau.de\/wp-content\/uploads\/2014\/09\/IMG_4281-253x300.jpg 253w, https:\/\/lecarreau.de\/wp-content\/uploads\/2014\/09\/IMG_4281.jpg 270w\" sizes=\"auto, (max-width: 253px) 100vw, 253px\" \/><\/a><p id=\"caption-attachment-1841\" class=\"wp-caption-text\">Vereinsmeister 2014, Hans III<\/p><\/div>\n<p><em><strong>Das war ein gelungener Saisonabschluss:<\/strong><\/em><\/p>\n<p>Nach anf\u00e4nglicher Gute-Laune-Delle (lediglich 9 Spieler\/innen, hatten den\u00a0m\u00fchevollen Weg nach Weidenhausen geschafft) entwickelte sich die Stimmungskurve zusehends nach oben und m\u00fcndete in einem fr\u00f6hlichen, teils ausgelassenen und\u00a0entspannten Boule-Sonntag. Das Wetter konnte besser nicht sein. Der Platz erstrahlte in sp\u00e4tsommerlichem<\/p>\n<div id=\"attachment_1840\" style=\"width: 216px\" class=\"wp-caption alignright\"><a href=\"https:\/\/lecarreau.de\/wp-content\/uploads\/2014\/09\/IMG_4253.jpg\"><img loading=\"lazy\" decoding=\"async\" aria-describedby=\"caption-attachment-1840\" class=\"wp-image-1840 size-medium\" src=\"https:\/\/lecarreau.de\/wp-content\/uploads\/2014\/09\/IMG_4253-206x300.jpg\" alt=\"Gelato mmmmh\" width=\"206\" height=\"300\" srcset=\"https:\/\/lecarreau.de\/wp-content\/uploads\/2014\/09\/IMG_4253-206x300.jpg 206w, https:\/\/lecarreau.de\/wp-content\/uploads\/2014\/09\/IMG_4253.jpg 220w\" sizes=\"auto, (max-width: 206px) 100vw, 206px\" \/><\/a><p id=\"caption-attachment-1840\" class=\"wp-caption-text\">Gelato mmmmh<\/p><\/div>\n<p>Glanz, gegrillt wurden von Scampis und Lachs bis Lamm, Merguez, Steak und Biow\u00fcrstchen die feinsten Bruzzelwaren. Es gab Kuchen, Eis und Cappuccino.\u00a0Trotz der launigen Atmosph\u00e4re waren die Spiele allesamt von\u00a0hohem Niveau und von gro\u00dfer Konzentration gepr\u00e4gt. Gleich in der ersten Runde wurde nur zu 11 Punkten gewonnen und verloren. Das waren &#8222;Kopf an Kopf&#8220;-Spiele\u00a0im wahrsten Sinne. Eingefleischte Schie\u00dfer \u00fcberraschten mit nie gekannter Legetechnik, vor der sebst sturmerprobte Leger nur kopfsch\u00fcttelnd erblassten. Am Ende setzten sich da<\/p>\n<div id=\"attachment_1839\" style=\"width: 231px\" class=\"wp-caption alignleft\"><a href=\"https:\/\/lecarreau.de\/wp-content\/uploads\/2014\/09\/IMG_4247.jpg\"><img loading=\"lazy\" decoding=\"async\" aria-describedby=\"caption-attachment-1839\" class=\"wp-image-1839 size-medium\" src=\"https:\/\/lecarreau.de\/wp-content\/uploads\/2014\/09\/IMG_4247-221x300.jpg\" alt=\"Gut Ding will Weille haben\" width=\"221\" height=\"300\" srcset=\"https:\/\/lecarreau.de\/wp-content\/uploads\/2014\/09\/IMG_4247-221x300.jpg 221w, https:\/\/lecarreau.de\/wp-content\/uploads\/2014\/09\/IMG_4247.jpg 236w\" sizes=\"auto, (max-width: 221px) 100vw, 221px\" \/><\/a><p id=\"caption-attachment-1839\" class=\"wp-caption-text\">Gut Ding will Weille haben<\/p><\/div>\n<p>nur Erfahrung und langer Atem durch. Die beiden Finalisten, die, wie es der Zufall will, auch\u00a0in kniffliger Kleinarbeit das raffinierte Spielsysthem entwickelt hatten (!), fanden sich in Gestalt von Hans und Gerold am sp\u00e4ten Nachmittag im Endspiel wieder. Auch hier wurde sich nichts geschenkt, und Punkt um Punkt musste hellwach errungen und verteidigt werden. So hatte dann Hans, beim Stand von 11:10 f\u00fcr ihn, mit einer 2-Punkte Aufnahme die Nase vorne und holte sich zum dritten Mal den Vereinspokal! Jetzt k\u00f6nnen wir nur hoffen, dass Hans das Plexi nicht beh\u00e4lt, was sein gutes Recht w\u00e4re, sondern den Pokal n\u00e4chstes Jahr wieder zur Verf\u00fcgung stellt, wenn es wieder hei\u00dft: <em>Einladung zum Stelldichein!<\/em><\/p>\n","protected":false},"excerpt":{"rendered":"<p>Das war ein gelungener Saisonabschluss: Nach anf\u00e4nglicher Gute-Laune-Delle (lediglich 9 Spieler\/innen, hatten den\u00a0m\u00fchevollen Weg nach Weidenhausen geschafft) entwickelte sich die Stimmungskurve zusehends nach oben und m\u00fcndete in einem fr\u00f6hlichen, teils ausgelassenen und\u00a0entspannten Boule-Sonntag. Das Wetter konnte besser nicht sein. Der &hellip; <a href=\"https:\/\/lecarreau.de\/?p=1838\">Weiterlesen <span class=\"meta-nav\">&rarr;<\/span><\/a><\/p>\n","protected":false},"author":11,"featured_media":0,"comment_status":"closed","ping_status":"open","sticky":false,"template":"","format":"standard","meta":{"footnotes":""},"categories":[1],"tags":[],"class_list":["post-1838","post","type-post","status-publish","format-standard","hentry","category-uncategorized"],"_links":{"self":[{"href":"https:\/\/lecarreau.de\/index.php?rest_route=\/wp\/v2\/posts\/1838","targetHints":{"allow":["GET"]}}],"collection":[{"href":"https:\/\/lecarreau.de\/index.php?rest_route=\/wp\/v2\/posts"}],"about":[{"href":"https:\/\/lecarreau.de\/index.php?rest_route=\/wp\/v2\/types\/post"}],"author":[{"embeddable":true,"href":"https:\/\/lecarreau.de\/index.php?rest_route=\/wp\/v2\/users\/11"}],"replies":[{"embeddable":true,"href":"https:\/\/lecarreau.de\/index.php?rest_route=%2Fwp%2Fv2%2Fcomments&post=1838"}],"version-history":[{"count":4,"href":"https:\/\/lecarreau.de\/index.php?rest_route=\/wp\/v2\/posts\/1838\/revisions"}],"predecessor-version":[{"id":1846,"href":"https:\/\/lecarreau.de\/index.php?rest_route=\/wp\/v2\/posts\/1838\/revisions\/1846"}],"wp:attachment":[{"href":"https:\/\/lecarreau.de\/index.php?rest_route=%2Fwp%2Fv2%2Fmedia&parent=1838"}],"wp:term":[{"taxonomy":"category","embeddable":true,"href":"https:\/\/lecarreau.de\/index.php?rest_route=%2Fwp%2Fv2%2Fcategories&post=1838"},{"taxonomy":"post_tag","embeddable":true,"href":"https:\/\/lecarreau.de\/index.php?rest_route=%2Fwp%2Fv2%2Ftags&post=1838"}],"curies":[{"name":"wp","href":"https:\/\/api.w.org\/{rel}","templated":true}]}}