{"id":1912,"date":"2015-04-30T10:36:12","date_gmt":"2015-04-30T09:36:12","guid":{"rendered":"http:\/\/lecarreau.de\/?p=1912"},"modified":"2020-07-19T17:00:40","modified_gmt":"2020-07-19T16:00:40","slug":"das-leben-geht-weiter","status":"publish","type":"post","link":"https:\/\/lecarreau.de\/?p=1912","title":{"rendered":"Das Leben geht weiter"},"content":{"rendered":"<p style=\"text-align: justify\"><span style=\"font-family:Georgia; font-size:16pt\">Das Jahr 2015 unseres Boule Clubs begann mit der sehr bewegenden Trauerfeier f\u00fcr unseren pl\u00f6tzlich verstorbenen Freund und Vereinsvorsitzenden Wolfgang Gemmel. &#8222;Sometimes over the rainbow&#8220; wird f\u00fcr uns alle eng mit ihm verbunden bleiben.<br \/>\n<\/span><\/p>\n<p style=\"text-align: justify\"><span style=\"font-family:Georgia; font-size:16pt\">Am 2. Februar fand unsere Mitgliederversammlung statt, in der Udo L\u00f6ber-Groh\u00e9 zum neuen Vorsitzenden gew\u00e4hlt wurde.<br \/>\n<\/span><\/p>\n<p style=\"text-align: justify\"><span style=\"font-family:Georgia; font-size:16pt\">&#8222;Im M\u00e4rzen der Bauer&#8230;&#8220; &#8211; aber im M\u00e4rzen tat sich nichts. Das stimmt nat\u00fcrlich nicht ganz, weil die wetterfesten Winter-Bouler, vom Sonnenschein beg\u00fcnstigt, durchg\u00e4ngig aktiv blieben.<br \/>\n<\/span><\/p>\n<p style=\"text-align: justify\"><span style=\"font-family:Georgia; font-size:16pt\">&#8222;Der April macht, was er will.&#8220; Und erst mal wollte er am <strong>12. April die Saison er\u00f6ffnen<\/strong>. Und wieder meinte es das Wetter gut. 14 Vereinsmitglieder und eine dreik\u00f6pfige Abordnung aus Dauborn bestritten sch\u00f6ne Spiele, aus denen am Ende Hans und Klaus als gl\u00fcckliche Sieger hervor gingen.<br \/>\n<\/span><\/p>\n<p><img decoding=\"async\" src=\"https:\/\/lecarreau.de\/wp-content\/uploads\/2015\/04\/043015_0935_DasLebengeh1.png\" alt=\"\"\/><span style=\"font-family:Georgia; font-size:16pt\"><br \/>\n\t\t<\/span><\/p>\n<p>\n\u00a0<\/p>\n<p style=\"text-align: justify\"><span style=\"font-family:Georgia; font-size:16pt\">&#8222;Alles neu macht der Mai!&#8220; W\u00e4hrend die Bundesliga schon wieder mal fr\u00fchzeitig den FC Hollywood zum Meister gek\u00fcrt hat, beginnen unsere <strong>Ligaspieltage <\/strong>erst<strong><br \/>\n\t\t\t<\/strong>an diesem Wochenende, n\u00e4mlich am Samstag, dem <strong>2. Mai.<\/strong> Weitere Spieltage sind <strong>der 30. Mai, der 4. Juli und der 5. September 2015<\/strong>. Wir w\u00fcnschen unseren beiden Mannschaften, dass sie zumindest ihre jeweilige Klasse halten, zumal sie ja auch &#8222;klasse&#8220;sind.<br \/>\n<\/span><\/p>\n<p style=\"text-align: justify\"><span style=\"font-family:Georgia; font-size:16pt\">Am <strong>Samstag, dem 13. Juni 2015<\/strong>, wird ab 13 Uhr 00 bei bestem Wetter (zumindest so geplant) das diesj\u00e4hrige, allseits beliebte <strong>Frauenturnier<\/strong> ausgetragen, wof\u00fcr LeCarreau um rechtzeitige Anmeldung aller interessierten Damen bittet. Wir haben es diesmal von der Stadtmeisterschaft getrennt und wollen es in &#8222;abgespeckter&#8220; Form durchf\u00fchren, was aber nicht hei\u00dft, dass es keinen &#8222;Speck&#8220; geben wird, weil man mit Speck ja bekanntlich M\u00e4use f\u00e4ngt. Leckeres Essen geh\u00f6rt zu einem Boule-Turnier einfach dazu.<br \/>\n<\/span><\/p>\n<p style=\"text-align: justify\"><span style=\"font-family:Georgia; font-size:16pt\">Da Juli und August Sommerferien sind, haben wir die <strong>Stadtmeisterschaft auf Samstag, den 29. August 2015,  10 Uhr 00<\/strong>, gelegt. N\u00e4heres, wie auch zur <strong>Vereinsmeisterschaft am 27. September 2015, ab 10 Uhr 00<\/strong>, werden wir hier fr\u00fchzeitig bekannt machen.<br \/>\n<\/span><\/p>\n<p style=\"text-align: justify\"><span style=\"font-family:Georgia; font-size:16pt\">Wir w\u00fcnschen allen sch\u00f6nes Wetter, sch\u00f6ne Spiele und sch\u00f6ne Erfolge oder zumindest zwei von den Dreien!<br \/>\n<\/span><\/p>\n<p style=\"text-align: justify\">\n<p><span style=\"font-family:Georgia; font-size:16pt\"><br \/>\n\t\t<\/span>\u00a0<\/p>\n","protected":false},"excerpt":{"rendered":"<p>Das Jahr 2015 unseres Boule Clubs begann mit der sehr bewegenden Trauerfeier f\u00fcr unseren pl\u00f6tzlich verstorbenen Freund und Vereinsvorsitzenden Wolfgang Gemmel. &#8222;Sometimes over the rainbow&#8220; wird f\u00fcr uns alle eng mit ihm verbunden bleiben. Am 2. Februar fand unsere Mitgliederversammlung &hellip; <a href=\"https:\/\/lecarreau.de\/?p=1912\">Weiterlesen <span class=\"meta-nav\">&rarr;<\/span><\/a><\/p>\n","protected":false},"author":13,"featured_media":0,"comment_status":"closed","ping_status":"open","sticky":false,"template":"","format":"standard","meta":{"footnotes":""},"categories":[1],"tags":[],"class_list":["post-1912","post","type-post","status-publish","format-standard","hentry","category-uncategorized"],"_links":{"self":[{"href":"https:\/\/lecarreau.de\/index.php?rest_route=\/wp\/v2\/posts\/1912","targetHints":{"allow":["GET"]}}],"collection":[{"href":"https:\/\/lecarreau.de\/index.php?rest_route=\/wp\/v2\/posts"}],"about":[{"href":"https:\/\/lecarreau.de\/index.php?rest_route=\/wp\/v2\/types\/post"}],"author":[{"embeddable":true,"href":"https:\/\/lecarreau.de\/index.php?rest_route=\/wp\/v2\/users\/13"}],"replies":[{"embeddable":true,"href":"https:\/\/lecarreau.de\/index.php?rest_route=%2Fwp%2Fv2%2Fcomments&post=1912"}],"version-history":[{"count":2,"href":"https:\/\/lecarreau.de\/index.php?rest_route=\/wp\/v2\/posts\/1912\/revisions"}],"predecessor-version":[{"id":1914,"href":"https:\/\/lecarreau.de\/index.php?rest_route=\/wp\/v2\/posts\/1912\/revisions\/1914"}],"wp:attachment":[{"href":"https:\/\/lecarreau.de\/index.php?rest_route=%2Fwp%2Fv2%2Fmedia&parent=1912"}],"wp:term":[{"taxonomy":"category","embeddable":true,"href":"https:\/\/lecarreau.de\/index.php?rest_route=%2Fwp%2Fv2%2Fcategories&post=1912"},{"taxonomy":"post_tag","embeddable":true,"href":"https:\/\/lecarreau.de\/index.php?rest_route=%2Fwp%2Fv2%2Ftags&post=1912"}],"curies":[{"name":"wp","href":"https:\/\/api.w.org\/{rel}","templated":true}]}}