{"id":248,"date":"2010-09-11T14:10:36","date_gmt":"2010-09-11T12:10:36","guid":{"rendered":"http:\/\/lecarreau.de\/?p=248"},"modified":"2020-07-19T16:59:47","modified_gmt":"2020-07-19T15:59:47","slug":"vereinswechsel","status":"publish","type":"post","link":"https:\/\/lecarreau.de\/?p=248","title":{"rendered":"Vereinswechsel"},"content":{"rendered":"<p>Mit dem Ende der Ligasaison haben sich in diesem Jahr besonders viele Sportler daf\u00fcr entschieden, im n\u00e4chsten Jahr nicht mehr f\u00fcr den Marburger Bouleclub anzutreten.<\/p>\n<p>Wir danken Verena, Tina, St\u00e8phane, Stefan, Oliver und Herbert f\u00fcr ihre gro\u00dfen Verdienste um und ihre sportlichen Erfolge f\u00fcr den Marburger Bouleclub &#8218;Le Carreau&#8216;. Wir w\u00fcnschen ihnen in ihren neuen Vereinen eine herzliche Aufnahme und viele siegreiche Spiele.<\/p>\n","protected":false},"excerpt":{"rendered":"<p>Mit dem Ende der Ligasaison haben sich in diesem Jahr besonders viele Sportler daf\u00fcr entschieden, im n\u00e4chsten Jahr nicht mehr f\u00fcr den Marburger Bouleclub anzutreten. Wir danken Verena, Tina, St\u00e8phane, Stefan, Oliver und Herbert f\u00fcr ihre gro\u00dfen Verdienste um und &hellip; <a href=\"https:\/\/lecarreau.de\/?p=248\">Weiterlesen <span class=\"meta-nav\">&rarr;<\/span><\/a><\/p>\n","protected":false},"author":1,"featured_media":0,"comment_status":"closed","ping_status":"open","sticky":false,"template":"","format":"standard","meta":{"footnotes":""},"categories":[1],"tags":[],"class_list":["post-248","post","type-post","status-publish","format-standard","hentry","category-uncategorized"],"_links":{"self":[{"href":"https:\/\/lecarreau.de\/index.php?rest_route=\/wp\/v2\/posts\/248","targetHints":{"allow":["GET"]}}],"collection":[{"href":"https:\/\/lecarreau.de\/index.php?rest_route=\/wp\/v2\/posts"}],"about":[{"href":"https:\/\/lecarreau.de\/index.php?rest_route=\/wp\/v2\/types\/post"}],"author":[{"embeddable":true,"href":"https:\/\/lecarreau.de\/index.php?rest_route=\/wp\/v2\/users\/1"}],"replies":[{"embeddable":true,"href":"https:\/\/lecarreau.de\/index.php?rest_route=%2Fwp%2Fv2%2Fcomments&post=248"}],"version-history":[{"count":6,"href":"https:\/\/lecarreau.de\/index.php?rest_route=\/wp\/v2\/posts\/248\/revisions"}],"predecessor-version":[{"id":2406,"href":"https:\/\/lecarreau.de\/index.php?rest_route=\/wp\/v2\/posts\/248\/revisions\/2406"}],"wp:attachment":[{"href":"https:\/\/lecarreau.de\/index.php?rest_route=%2Fwp%2Fv2%2Fmedia&parent=248"}],"wp:term":[{"taxonomy":"category","embeddable":true,"href":"https:\/\/lecarreau.de\/index.php?rest_route=%2Fwp%2Fv2%2Fcategories&post=248"},{"taxonomy":"post_tag","embeddable":true,"href":"https:\/\/lecarreau.de\/index.php?rest_route=%2Fwp%2Fv2%2Ftags&post=248"}],"curies":[{"name":"wp","href":"https:\/\/api.w.org\/{rel}","templated":true}]}}