{"id":259,"date":"2009-07-27T20:24:10","date_gmt":"2009-07-27T18:24:10","guid":{"rendered":"http:\/\/marburgboule.wordpress.com\/?p=259"},"modified":"2020-07-19T16:59:21","modified_gmt":"2020-07-19T15:59:21","slug":"in-den-ferien-entfallt-trainingstermin","status":"publish","type":"post","link":"https:\/\/lecarreau.de\/?p=259","title":{"rendered":"In den Ferien entf\u00e4llt Trainingstermin"},"content":{"rendered":"<p>Der turnusgem\u00e4\u00df eigentlich f\u00fcr Donnerstag, den 30.Juli angesetzte Trainingstermin entf\u00e4llt wegen der Ferien. Der n\u00e4chste Termin ist der letzte Donnerstag im August.<\/p>\n<p>Sch\u00f6ne Gr\u00fc\u00dfe von Susanne!<\/p>\n","protected":false},"excerpt":{"rendered":"<p>Der turnusgem\u00e4\u00df eigentlich f\u00fcr Donnerstag, den 30.Juli angesetzte Trainingstermin entf\u00e4llt wegen der Ferien. Der n\u00e4chste Termin ist der letzte Donnerstag im August. Sch\u00f6ne Gr\u00fc\u00dfe von Susanne!<\/p>\n","protected":false},"author":9,"featured_media":0,"comment_status":"closed","ping_status":"closed","sticky":false,"template":"","format":"standard","meta":{"footnotes":""},"categories":[18,22,23],"tags":[],"class_list":["post-259","post","type-post","status-publish","format-standard","hentry","category-alle-news","category-veranstaltungen-turnierankundigungen","category-vereinsinterna"],"_links":{"self":[{"href":"https:\/\/lecarreau.de\/index.php?rest_route=\/wp\/v2\/posts\/259","targetHints":{"allow":["GET"]}}],"collection":[{"href":"https:\/\/lecarreau.de\/index.php?rest_route=\/wp\/v2\/posts"}],"about":[{"href":"https:\/\/lecarreau.de\/index.php?rest_route=\/wp\/v2\/types\/post"}],"author":[{"embeddable":true,"href":"https:\/\/lecarreau.de\/index.php?rest_route=\/wp\/v2\/users\/9"}],"replies":[{"embeddable":true,"href":"https:\/\/lecarreau.de\/index.php?rest_route=%2Fwp%2Fv2%2Fcomments&post=259"}],"version-history":[{"count":1,"href":"https:\/\/lecarreau.de\/index.php?rest_route=\/wp\/v2\/posts\/259\/revisions"}],"predecessor-version":[{"id":2377,"href":"https:\/\/lecarreau.de\/index.php?rest_route=\/wp\/v2\/posts\/259\/revisions\/2377"}],"wp:attachment":[{"href":"https:\/\/lecarreau.de\/index.php?rest_route=%2Fwp%2Fv2%2Fmedia&parent=259"}],"wp:term":[{"taxonomy":"category","embeddable":true,"href":"https:\/\/lecarreau.de\/index.php?rest_route=%2Fwp%2Fv2%2Fcategories&post=259"},{"taxonomy":"post_tag","embeddable":true,"href":"https:\/\/lecarreau.de\/index.php?rest_route=%2Fwp%2Fv2%2Ftags&post=259"}],"curies":[{"name":"wp","href":"https:\/\/api.w.org\/{rel}","templated":true}]}}