{"id":300,"date":"2009-09-01T20:19:41","date_gmt":"2009-09-01T18:19:41","guid":{"rendered":"http:\/\/marburgboule.wordpress.com\/?p=300"},"modified":"2020-07-19T16:59:21","modified_gmt":"2020-07-19T15:59:21","slug":"nachster-trainingstermin-fallt-aus","status":"publish","type":"post","link":"https:\/\/lecarreau.de\/?p=300","title":{"rendered":"N\u00e4chster Trainingstermin f\u00e4llt aus"},"content":{"rendered":"<p>Das Training am 24.September 2009 entf\u00e4llt, da zum letzten Termin am 27.8.2009 niemand erschienen ist und auch niemand abgesagt hat.<\/p>\n<p>Sch\u00f6ne Gr\u00fc\u00dfe von Susanne<\/p>\n","protected":false},"excerpt":{"rendered":"<p>Das Training am 24.September 2009 entf\u00e4llt, da zum letzten Termin am 27.8.2009 niemand erschienen ist und auch niemand abgesagt hat. Sch\u00f6ne Gr\u00fc\u00dfe von Susanne<\/p>\n","protected":false},"author":9,"featured_media":0,"comment_status":"closed","ping_status":"closed","sticky":false,"template":"","format":"standard","meta":{"footnotes":""},"categories":[18,23],"tags":[],"class_list":["post-300","post","type-post","status-publish","format-standard","hentry","category-alle-news","category-vereinsinterna"],"_links":{"self":[{"href":"https:\/\/lecarreau.de\/index.php?rest_route=\/wp\/v2\/posts\/300","targetHints":{"allow":["GET"]}}],"collection":[{"href":"https:\/\/lecarreau.de\/index.php?rest_route=\/wp\/v2\/posts"}],"about":[{"href":"https:\/\/lecarreau.de\/index.php?rest_route=\/wp\/v2\/types\/post"}],"author":[{"embeddable":true,"href":"https:\/\/lecarreau.de\/index.php?rest_route=\/wp\/v2\/users\/9"}],"replies":[{"embeddable":true,"href":"https:\/\/lecarreau.de\/index.php?rest_route=%2Fwp%2Fv2%2Fcomments&post=300"}],"version-history":[{"count":1,"href":"https:\/\/lecarreau.de\/index.php?rest_route=\/wp\/v2\/posts\/300\/revisions"}],"predecessor-version":[{"id":2371,"href":"https:\/\/lecarreau.de\/index.php?rest_route=\/wp\/v2\/posts\/300\/revisions\/2371"}],"wp:attachment":[{"href":"https:\/\/lecarreau.de\/index.php?rest_route=%2Fwp%2Fv2%2Fmedia&parent=300"}],"wp:term":[{"taxonomy":"category","embeddable":true,"href":"https:\/\/lecarreau.de\/index.php?rest_route=%2Fwp%2Fv2%2Fcategories&post=300"},{"taxonomy":"post_tag","embeddable":true,"href":"https:\/\/lecarreau.de\/index.php?rest_route=%2Fwp%2Fv2%2Ftags&post=300"}],"curies":[{"name":"wp","href":"https:\/\/api.w.org\/{rel}","templated":true}]}}