{"id":351,"date":"2009-10-02T09:32:06","date_gmt":"2009-10-02T07:32:06","guid":{"rendered":"http:\/\/marburgboule.wordpress.com\/?p=351"},"modified":"2020-07-19T16:59:21","modified_gmt":"2020-07-19T15:59:21","slug":"der-marburger-boule-club-trauert-um-karl-wagner","status":"publish","type":"post","link":"https:\/\/lecarreau.de\/?p=351","title":{"rendered":"Der Marburger Boule-Club trauert um Karl Wagner"},"content":{"rendered":"<div class=\"mceTemp\">\u00a0 <\/p>\n<dl class=\"wp-caption alignright\">\n<dt class=\"wp-caption-dt\"><img loading=\"lazy\" decoding=\"async\" class=\"size-medium wp-image-361 \" title=\"P1120364-2\" src=\"http:\/\/marburgboule.files.wordpress.com\/2009\/10\/p1120364-2.jpg?w=225\" alt=\"P1120364-2\" width=\"225\" height=\"300\" \/><\/dt>\n<dd class=\"wp-caption-dd\">Karl Wagner \u2020<\/dd>\n<\/dl>\n<\/div>\n<p>Am Freitag, dem 25. September verstarb unser Vereinsmitglied Karl Wagner nach einer Operation an Herzversagen. Wir alle waren sehr betroffen von dieser Nachricht. Auch wenn Karl in den letzten Monaten nicht mehr auf dem Platz sein konnte, hatten wir doch gehofft, dass es ihm nach der Operation wieder besser gehen w\u00fcrde. Wir haben mit dem Tod von Karl einen liebenswerten Menschen verloren, der f\u00fcr alle immer ein freundliches Wort hatte und den Verein und seine Mitspielerinnen und Mitspieler immer hilfsbereit unterst\u00fctzt hat. Auf dem Platz war Karl immer f\u00fcr eine \u00dcberaschung gut. Eben hatte er noch den Kreis gesucht, und im n\u00e4chsten Moment lag seine Kugel auch schon am Schwein und bereitete manchem Gegner Probleme. Als Pressewart hatte Karl daf\u00fcr gesorgt, dass der Boule-Club wieder in der \u00d6ffentlichkeit wahrgenommen wurde.<\/p>\n<p>Wir werden Karl Wagner in liebevoller Erinnerung behalten. Unser Mitgef\u00fchl gilt seiner Frau Friedel und seiner Familie.<\/p>\n","protected":false},"excerpt":{"rendered":"<p>\u00a0 Karl Wagner \u2020 Am Freitag, dem 25. September verstarb unser Vereinsmitglied Karl Wagner nach einer Operation an Herzversagen. Wir alle waren sehr betroffen von dieser Nachricht. Auch wenn Karl in den letzten Monaten nicht mehr auf dem Platz sein &hellip; <a href=\"https:\/\/lecarreau.de\/?p=351\">Weiterlesen <span class=\"meta-nav\">&rarr;<\/span><\/a><\/p>\n","protected":false},"author":9,"featured_media":0,"comment_status":"closed","ping_status":"closed","sticky":false,"template":"","format":"standard","meta":{"footnotes":""},"categories":[18,23],"tags":[],"class_list":["post-351","post","type-post","status-publish","format-standard","hentry","category-alle-news","category-vereinsinterna"],"_links":{"self":[{"href":"https:\/\/lecarreau.de\/index.php?rest_route=\/wp\/v2\/posts\/351","targetHints":{"allow":["GET"]}}],"collection":[{"href":"https:\/\/lecarreau.de\/index.php?rest_route=\/wp\/v2\/posts"}],"about":[{"href":"https:\/\/lecarreau.de\/index.php?rest_route=\/wp\/v2\/types\/post"}],"author":[{"embeddable":true,"href":"https:\/\/lecarreau.de\/index.php?rest_route=\/wp\/v2\/users\/9"}],"replies":[{"embeddable":true,"href":"https:\/\/lecarreau.de\/index.php?rest_route=%2Fwp%2Fv2%2Fcomments&post=351"}],"version-history":[{"count":1,"href":"https:\/\/lecarreau.de\/index.php?rest_route=\/wp\/v2\/posts\/351\/revisions"}],"predecessor-version":[{"id":2367,"href":"https:\/\/lecarreau.de\/index.php?rest_route=\/wp\/v2\/posts\/351\/revisions\/2367"}],"wp:attachment":[{"href":"https:\/\/lecarreau.de\/index.php?rest_route=%2Fwp%2Fv2%2Fmedia&parent=351"}],"wp:term":[{"taxonomy":"category","embeddable":true,"href":"https:\/\/lecarreau.de\/index.php?rest_route=%2Fwp%2Fv2%2Fcategories&post=351"},{"taxonomy":"post_tag","embeddable":true,"href":"https:\/\/lecarreau.de\/index.php?rest_route=%2Fwp%2Fv2%2Ftags&post=351"}],"curies":[{"name":"wp","href":"https:\/\/api.w.org\/{rel}","templated":true}]}}