{"id":437,"date":"2010-01-23T17:26:18","date_gmt":"2010-01-23T15:26:18","guid":{"rendered":"http:\/\/marburgboule.wordpress.com\/?p=437"},"modified":"2020-07-19T16:59:35","modified_gmt":"2020-07-19T15:59:35","slug":"vanessa-neumann-spielt-beim-11-internationalen-landervergleich-in-rastatt","status":"publish","type":"post","link":"https:\/\/lecarreau.de\/?p=437","title":{"rendered":"Vanessa Neumann spielt beim 11. Internationalen L\u00e4ndervergleich in Rastatt"},"content":{"rendered":"<p>Nachdem Vanessa Neumann zu einem Sichtungsturnier der hessischen KaderspielerInnen eingeladen war, bei dem sie gemeinsam mit ihren Partnerinnen alle Spiele gewann, spielt sie nun erstmals f\u00fcr Hessen beim Internationalen L\u00e4ndervergleich in Rastatt. Eine steile Karriere f\u00fcr unser junges Vereinsmitglied, das erst seit drei Jahren Boule spielt. Wir dr\u00fccken die Daumen und w\u00fcnschen alles Gute!<\/p>\n<p>erg\u00e4nzt von Stefan Zierau:<\/p>\n<p>Ein Bericht \u00fcber den (f\u00fcr Hessen erfolgreichen) L\u00e4ndervergleich findet sich bei den News des Hessischen Landesverbandes.<\/p>\n","protected":false},"excerpt":{"rendered":"<p>Nachdem Vanessa Neumann zu einem Sichtungsturnier der hessischen KaderspielerInnen eingeladen war, bei dem sie gemeinsam mit ihren Partnerinnen alle Spiele gewann, spielt sie nun erstmals f\u00fcr Hessen beim Internationalen L\u00e4ndervergleich in Rastatt. Eine steile Karriere f\u00fcr unser junges Vereinsmitglied, das &hellip; <a href=\"https:\/\/lecarreau.de\/?p=437\">Weiterlesen <span class=\"meta-nav\">&rarr;<\/span><\/a><\/p>\n","protected":false},"author":9,"featured_media":0,"comment_status":"closed","ping_status":"closed","sticky":false,"template":"","format":"standard","meta":{"footnotes":""},"categories":[18,21],"tags":[],"class_list":["post-437","post","type-post","status-publish","format-standard","hentry","category-alle-news","category-turnierberichte-ergebnisse"],"_links":{"self":[{"href":"https:\/\/lecarreau.de\/index.php?rest_route=\/wp\/v2\/posts\/437","targetHints":{"allow":["GET"]}}],"collection":[{"href":"https:\/\/lecarreau.de\/index.php?rest_route=\/wp\/v2\/posts"}],"about":[{"href":"https:\/\/lecarreau.de\/index.php?rest_route=\/wp\/v2\/types\/post"}],"author":[{"embeddable":true,"href":"https:\/\/lecarreau.de\/index.php?rest_route=\/wp\/v2\/users\/9"}],"replies":[{"embeddable":true,"href":"https:\/\/lecarreau.de\/index.php?rest_route=%2Fwp%2Fv2%2Fcomments&post=437"}],"version-history":[{"count":1,"href":"https:\/\/lecarreau.de\/index.php?rest_route=\/wp\/v2\/posts\/437\/revisions"}],"predecessor-version":[{"id":2393,"href":"https:\/\/lecarreau.de\/index.php?rest_route=\/wp\/v2\/posts\/437\/revisions\/2393"}],"wp:attachment":[{"href":"https:\/\/lecarreau.de\/index.php?rest_route=%2Fwp%2Fv2%2Fmedia&parent=437"}],"wp:term":[{"taxonomy":"category","embeddable":true,"href":"https:\/\/lecarreau.de\/index.php?rest_route=%2Fwp%2Fv2%2Fcategories&post=437"},{"taxonomy":"post_tag","embeddable":true,"href":"https:\/\/lecarreau.de\/index.php?rest_route=%2Fwp%2Fv2%2Ftags&post=437"}],"curies":[{"name":"wp","href":"https:\/\/api.w.org\/{rel}","templated":true}]}}