{"id":453,"date":"2010-02-01T20:40:34","date_gmt":"2010-02-01T18:40:34","guid":{"rendered":"http:\/\/marburgboule.wordpress.com\/?p=453"},"modified":"2020-07-19T16:59:35","modified_gmt":"2020-07-19T15:59:35","slug":"tschus-und-hallo","status":"publish","type":"post","link":"https:\/\/lecarreau.de\/?p=453","title":{"rendered":"Tsch\u00fcs!"},"content":{"rendered":"<p>Seit der Jahreshauptversammlung hat die Zust\u00e4ndigkeit f\u00fcr die \u00d6ffentlichkeitsarbeit im Verein gewechselt. In Zukunft ist daf\u00fcr Elli Lengl verantwortlich.<\/p>\n<p>Es hat mir immer Spa\u00df gemacht, Euch von den Ereignissen rund um unsern Club zu berichten. Danke f\u00fcr Euer Interesse und danke f\u00fcr die zahlreichen Kommentare.<\/p>\n<p>Dir, Elli, viel Fortune und viel Freude bei Deiner neuen T\u00e4tigkeit!<\/p>\n<p>Bis demn\u00e4chst auf dem Platz!<\/p>\n<p>Tina<\/p>\n","protected":false},"excerpt":{"rendered":"<p>Seit der Jahreshauptversammlung hat die Zust\u00e4ndigkeit f\u00fcr die \u00d6ffentlichkeitsarbeit im Verein gewechselt. In Zukunft ist daf\u00fcr Elli Lengl verantwortlich. Es hat mir immer Spa\u00df gemacht, Euch von den Ereignissen rund um unsern Club zu berichten. Danke f\u00fcr Euer Interesse und &hellip; <a href=\"https:\/\/lecarreau.de\/?p=453\">Weiterlesen <span class=\"meta-nav\">&rarr;<\/span><\/a><\/p>\n","protected":false},"author":9,"featured_media":0,"comment_status":"closed","ping_status":"closed","sticky":false,"template":"","format":"standard","meta":{"footnotes":""},"categories":[18,23],"tags":[],"class_list":["post-453","post","type-post","status-publish","format-standard","hentry","category-alle-news","category-vereinsinterna"],"_links":{"self":[{"href":"https:\/\/lecarreau.de\/index.php?rest_route=\/wp\/v2\/posts\/453","targetHints":{"allow":["GET"]}}],"collection":[{"href":"https:\/\/lecarreau.de\/index.php?rest_route=\/wp\/v2\/posts"}],"about":[{"href":"https:\/\/lecarreau.de\/index.php?rest_route=\/wp\/v2\/types\/post"}],"author":[{"embeddable":true,"href":"https:\/\/lecarreau.de\/index.php?rest_route=\/wp\/v2\/users\/9"}],"replies":[{"embeddable":true,"href":"https:\/\/lecarreau.de\/index.php?rest_route=%2Fwp%2Fv2%2Fcomments&post=453"}],"version-history":[{"count":1,"href":"https:\/\/lecarreau.de\/index.php?rest_route=\/wp\/v2\/posts\/453\/revisions"}],"predecessor-version":[{"id":2390,"href":"https:\/\/lecarreau.de\/index.php?rest_route=\/wp\/v2\/posts\/453\/revisions\/2390"}],"wp:attachment":[{"href":"https:\/\/lecarreau.de\/index.php?rest_route=%2Fwp%2Fv2%2Fmedia&parent=453"}],"wp:term":[{"taxonomy":"category","embeddable":true,"href":"https:\/\/lecarreau.de\/index.php?rest_route=%2Fwp%2Fv2%2Fcategories&post=453"},{"taxonomy":"post_tag","embeddable":true,"href":"https:\/\/lecarreau.de\/index.php?rest_route=%2Fwp%2Fv2%2Ftags&post=453"}],"curies":[{"name":"wp","href":"https:\/\/api.w.org\/{rel}","templated":true}]}}