{"id":479,"date":"2010-04-06T21:08:00","date_gmt":"2010-04-06T19:08:00","guid":{"rendered":"http:\/\/marburgboule.wordpress.com\/?p=479"},"modified":"2020-07-19T16:59:35","modified_gmt":"2020-07-19T15:59:35","slug":"saisoneroffnungsturnier-des-marburger-bouleclubs","status":"publish","type":"post","link":"https:\/\/lecarreau.de\/?p=479","title":{"rendered":"Saisoner\u00f6ffnungsturnier des Marburger Bouleclubs"},"content":{"rendered":"<p>Das Turnier zur Er\u00f6ffnung der neuen Boulesaison findet am Sonntag, dem <strong>11.April<\/strong>, statt.<br \/>\nDazu m\u00f6chten wir alle Boulespielerinnen und -spieler aus der n\u00e4heren und weiteren Umgebung und alle Vereinsmitglieder herzlich einladen!<br \/>\nAnmeldeschluss ist um <strong>9.30 Uhr<\/strong>, geplanter Modus:\u00a0 <strong>Superm\u00eal\u00e9e.<br \/>\n<\/strong>Der Vorstand des Vereins sorgt f\u00fcr Getr\u00e4nke gegen Selbstkostenpreis und stellt einen Grill zur Verf\u00fcgung. Grillgut bitte jeder nach Lust (Hunger) und Bedarf selber mitbringen!<br \/>\nWir hoffen darauf, dass das Fr\u00fchlingswetter uns nicht im Stich l\u00e4sst und dass ihr alle in bester Spiellaune und m\u00f6glichst zahlreich erscheint!<br \/>\nBis Sonntag!<\/p>\n","protected":false},"excerpt":{"rendered":"<p>Das Turnier zur Er\u00f6ffnung der neuen Boulesaison findet am Sonntag, dem 11.April, statt. Dazu m\u00f6chten wir alle Boulespielerinnen und -spieler aus der n\u00e4heren und weiteren Umgebung und alle Vereinsmitglieder herzlich einladen! Anmeldeschluss ist um 9.30 Uhr, geplanter Modus:\u00a0 Superm\u00eal\u00e9e. Der &hellip; <a href=\"https:\/\/lecarreau.de\/?p=479\">Weiterlesen <span class=\"meta-nav\">&rarr;<\/span><\/a><\/p>\n","protected":false},"author":6,"featured_media":0,"comment_status":"closed","ping_status":"closed","sticky":false,"template":"","format":"standard","meta":{"footnotes":""},"categories":[18,22],"tags":[],"class_list":["post-479","post","type-post","status-publish","format-standard","hentry","category-alle-news","category-veranstaltungen-turnierankundigungen"],"_links":{"self":[{"href":"https:\/\/lecarreau.de\/index.php?rest_route=\/wp\/v2\/posts\/479","targetHints":{"allow":["GET"]}}],"collection":[{"href":"https:\/\/lecarreau.de\/index.php?rest_route=\/wp\/v2\/posts"}],"about":[{"href":"https:\/\/lecarreau.de\/index.php?rest_route=\/wp\/v2\/types\/post"}],"author":[{"embeddable":true,"href":"https:\/\/lecarreau.de\/index.php?rest_route=\/wp\/v2\/users\/6"}],"replies":[{"embeddable":true,"href":"https:\/\/lecarreau.de\/index.php?rest_route=%2Fwp%2Fv2%2Fcomments&post=479"}],"version-history":[{"count":1,"href":"https:\/\/lecarreau.de\/index.php?rest_route=\/wp\/v2\/posts\/479\/revisions"}],"predecessor-version":[{"id":2386,"href":"https:\/\/lecarreau.de\/index.php?rest_route=\/wp\/v2\/posts\/479\/revisions\/2386"}],"wp:attachment":[{"href":"https:\/\/lecarreau.de\/index.php?rest_route=%2Fwp%2Fv2%2Fmedia&parent=479"}],"wp:term":[{"taxonomy":"category","embeddable":true,"href":"https:\/\/lecarreau.de\/index.php?rest_route=%2Fwp%2Fv2%2Fcategories&post=479"},{"taxonomy":"post_tag","embeddable":true,"href":"https:\/\/lecarreau.de\/index.php?rest_route=%2Fwp%2Fv2%2Ftags&post=479"}],"curies":[{"name":"wp","href":"https:\/\/api.w.org\/{rel}","templated":true}]}}