{"id":544,"date":"2010-06-23T21:52:35","date_gmt":"2010-06-23T19:52:35","guid":{"rendered":"http:\/\/marburgboule.wordpress.com\/?p=544"},"modified":"2020-07-19T16:59:47","modified_gmt":"2020-07-19T15:59:47","slug":"toujours-doublette-verena-und-stephane-trauten-sich","status":"publish","type":"post","link":"https:\/\/lecarreau.de\/?p=544","title":{"rendered":"Toujours Doublette &#8211; Verena und St\u00e9phane trauten sich!"},"content":{"rendered":"<p>Der Marburger Boule-Club sendet die herzlichsten Gl\u00fcckw\u00fcnsche an Verena und St\u00e9phane, die am 12. Juni sich &#8222;getraut&#8220; und geheiratet haben!<\/p>\n<p><a href=\"http:\/\/marburgboule.files.wordpress.com\/2010\/06\/hochzeit-verenastephane1.jpg\"><img loading=\"lazy\" decoding=\"async\" class=\"size-medium wp-image-546 alignleft\" title=\"Hochzeit verenastephane\" src=\"http:\/\/marburgboule.files.wordpress.com\/2010\/06\/hochzeit-verenastephane1.jpg?w=225\" alt=\"\" width=\"225\" height=\"300\" \/><\/a>Tina hat zu diesem Anlass ein St\u00e4ndchen gedichtet, das man zur Melodie &#8222;Rote Rosen soll man k\u00fcssen&#8220; singen kann:<\/p>\n<p><!-- \t\t@page { margin: 2cm } \t\tP { margin-bottom: 0.21cm } -->\u201eJa in Marburg auf dem Bouleplatz<br \/>\nFing damals alles an.<br \/>\nDa trafen sich zum ersten Mal<br \/>\nVerena und St\u00e9phane.<br \/>\nSie haben sich gesehen<br \/>\nUnd haben sich gedacht:<br \/>\nWir Zwei, wir spielen jetzt Doublette<br \/>\nBei Tag und in der Nacht!\u201c<\/p>\n","protected":false},"excerpt":{"rendered":"<p>Der Marburger Boule-Club sendet die herzlichsten Gl\u00fcckw\u00fcnsche an Verena und St\u00e9phane, die am 12. Juni sich &#8222;getraut&#8220; und geheiratet haben! Tina hat zu diesem Anlass ein St\u00e4ndchen gedichtet, das man zur Melodie &#8222;Rote Rosen soll man k\u00fcssen&#8220; singen kann: \u201eJa &hellip; <a href=\"https:\/\/lecarreau.de\/?p=544\">Weiterlesen <span class=\"meta-nav\">&rarr;<\/span><\/a><\/p>\n","protected":false},"author":6,"featured_media":0,"comment_status":"closed","ping_status":"closed","sticky":false,"template":"","format":"standard","meta":{"footnotes":""},"categories":[18,23],"tags":[],"class_list":["post-544","post","type-post","status-publish","format-standard","hentry","category-alle-news","category-vereinsinterna"],"_links":{"self":[{"href":"https:\/\/lecarreau.de\/index.php?rest_route=\/wp\/v2\/posts\/544","targetHints":{"allow":["GET"]}}],"collection":[{"href":"https:\/\/lecarreau.de\/index.php?rest_route=\/wp\/v2\/posts"}],"about":[{"href":"https:\/\/lecarreau.de\/index.php?rest_route=\/wp\/v2\/types\/post"}],"author":[{"embeddable":true,"href":"https:\/\/lecarreau.de\/index.php?rest_route=\/wp\/v2\/users\/6"}],"replies":[{"embeddable":true,"href":"https:\/\/lecarreau.de\/index.php?rest_route=%2Fwp%2Fv2%2Fcomments&post=544"}],"version-history":[{"count":1,"href":"https:\/\/lecarreau.de\/index.php?rest_route=\/wp\/v2\/posts\/544\/revisions"}],"predecessor-version":[{"id":2413,"href":"https:\/\/lecarreau.de\/index.php?rest_route=\/wp\/v2\/posts\/544\/revisions\/2413"}],"wp:attachment":[{"href":"https:\/\/lecarreau.de\/index.php?rest_route=%2Fwp%2Fv2%2Fmedia&parent=544"}],"wp:term":[{"taxonomy":"category","embeddable":true,"href":"https:\/\/lecarreau.de\/index.php?rest_route=%2Fwp%2Fv2%2Fcategories&post=544"},{"taxonomy":"post_tag","embeddable":true,"href":"https:\/\/lecarreau.de\/index.php?rest_route=%2Fwp%2Fv2%2Ftags&post=544"}],"curies":[{"name":"wp","href":"https:\/\/api.w.org\/{rel}","templated":true}]}}