{"id":601,"date":"2008-04-23T12:42:41","date_gmt":"2008-04-23T10:42:41","guid":{"rendered":"http:\/\/marburgboule.wordpress.com\/?p=46"},"modified":"2020-07-19T16:58:56","modified_gmt":"2020-07-19T15:58:56","slug":"spielplane-fur-die-hessenliga-2008","status":"publish","type":"post","link":"https:\/\/lecarreau.de\/?p=601","title":{"rendered":"Spielpl\u00e4ne f\u00fcr die Hessenliga 2008"},"content":{"rendered":"<p>Die Spielpl\u00e4ne f\u00fcr die Hessenliga 2008 sind ver\u00f6ffentlicht unter &#8211;&gt; Liga .<\/p>\n","protected":false},"excerpt":{"rendered":"<p>Die Spielpl\u00e4ne f\u00fcr die Hessenliga 2008 sind ver\u00f6ffentlicht unter &#8211;&gt; Liga .<\/p>\n","protected":false},"author":7,"featured_media":0,"comment_status":"closed","ping_status":"closed","sticky":false,"template":"","format":"standard","meta":{"footnotes":""},"categories":[18,19],"tags":[],"class_list":["post-601","post","type-post","status-publish","format-standard","hentry","category-alle-news","category-hessenliga"],"_links":{"self":[{"href":"https:\/\/lecarreau.de\/index.php?rest_route=\/wp\/v2\/posts\/601","targetHints":{"allow":["GET"]}}],"collection":[{"href":"https:\/\/lecarreau.de\/index.php?rest_route=\/wp\/v2\/posts"}],"about":[{"href":"https:\/\/lecarreau.de\/index.php?rest_route=\/wp\/v2\/types\/post"}],"author":[{"embeddable":true,"href":"https:\/\/lecarreau.de\/index.php?rest_route=\/wp\/v2\/users\/7"}],"replies":[{"embeddable":true,"href":"https:\/\/lecarreau.de\/index.php?rest_route=%2Fwp%2Fv2%2Fcomments&post=601"}],"version-history":[{"count":1,"href":"https:\/\/lecarreau.de\/index.php?rest_route=\/wp\/v2\/posts\/601\/revisions"}],"predecessor-version":[{"id":2341,"href":"https:\/\/lecarreau.de\/index.php?rest_route=\/wp\/v2\/posts\/601\/revisions\/2341"}],"wp:attachment":[{"href":"https:\/\/lecarreau.de\/index.php?rest_route=%2Fwp%2Fv2%2Fmedia&parent=601"}],"wp:term":[{"taxonomy":"category","embeddable":true,"href":"https:\/\/lecarreau.de\/index.php?rest_route=%2Fwp%2Fv2%2Fcategories&post=601"},{"taxonomy":"post_tag","embeddable":true,"href":"https:\/\/lecarreau.de\/index.php?rest_route=%2Fwp%2Fv2%2Ftags&post=601"}],"curies":[{"name":"wp","href":"https:\/\/api.w.org\/{rel}","templated":true}]}}