{"id":604,"date":"2008-05-06T09:37:07","date_gmt":"2008-05-06T07:37:07","guid":{"rendered":"http:\/\/marburgboule.wordpress.com\/?p=51"},"modified":"2020-07-19T16:58:56","modified_gmt":"2020-07-19T15:58:56","slug":"dm-quali-doublette-am-452008","status":"publish","type":"post","link":"https:\/\/lecarreau.de\/?p=604","title":{"rendered":"DM-Quali Doublette am 4.5.2008"},"content":{"rendered":"<p>St\u00e9phane H\u00e9roux hat sich mit Fahreddin Hass f\u00fcr die DM qualifiziert. Frieder Bastian\/Reinhard Mielchen schieden in der 4. Runde aus ebenso wie Susanne und Arvit Rosner. &#8222;Jockel&#8220; Hanebutt\/Hans Lehnert kamen \u00fcber die Vorrunde nicht hinaus.<\/p>\n","protected":false},"excerpt":{"rendered":"<p>St\u00e9phane H\u00e9roux hat sich mit Fahreddin Hass f\u00fcr die DM qualifiziert. Frieder Bastian\/Reinhard Mielchen schieden in der 4. Runde aus ebenso wie Susanne und Arvit Rosner. &#8222;Jockel&#8220; Hanebutt\/Hans Lehnert kamen \u00fcber die Vorrunde nicht hinaus.<\/p>\n","protected":false},"author":7,"featured_media":0,"comment_status":"closed","ping_status":"closed","sticky":false,"template":"","format":"standard","meta":{"footnotes":""},"categories":[18,21],"tags":[],"class_list":["post-604","post","type-post","status-publish","format-standard","hentry","category-alle-news","category-turnierberichte-ergebnisse"],"_links":{"self":[{"href":"https:\/\/lecarreau.de\/index.php?rest_route=\/wp\/v2\/posts\/604","targetHints":{"allow":["GET"]}}],"collection":[{"href":"https:\/\/lecarreau.de\/index.php?rest_route=\/wp\/v2\/posts"}],"about":[{"href":"https:\/\/lecarreau.de\/index.php?rest_route=\/wp\/v2\/types\/post"}],"author":[{"embeddable":true,"href":"https:\/\/lecarreau.de\/index.php?rest_route=\/wp\/v2\/users\/7"}],"replies":[{"embeddable":true,"href":"https:\/\/lecarreau.de\/index.php?rest_route=%2Fwp%2Fv2%2Fcomments&post=604"}],"version-history":[{"count":1,"href":"https:\/\/lecarreau.de\/index.php?rest_route=\/wp\/v2\/posts\/604\/revisions"}],"predecessor-version":[{"id":2338,"href":"https:\/\/lecarreau.de\/index.php?rest_route=\/wp\/v2\/posts\/604\/revisions\/2338"}],"wp:attachment":[{"href":"https:\/\/lecarreau.de\/index.php?rest_route=%2Fwp%2Fv2%2Fmedia&parent=604"}],"wp:term":[{"taxonomy":"category","embeddable":true,"href":"https:\/\/lecarreau.de\/index.php?rest_route=%2Fwp%2Fv2%2Fcategories&post=604"},{"taxonomy":"post_tag","embeddable":true,"href":"https:\/\/lecarreau.de\/index.php?rest_route=%2Fwp%2Fv2%2Ftags&post=604"}],"curies":[{"name":"wp","href":"https:\/\/api.w.org\/{rel}","templated":true}]}}