{"id":614,"date":"2008-07-01T21:15:33","date_gmt":"2008-07-01T19:15:33","guid":{"rendered":"http:\/\/marburgboule.wordpress.com\/?p=62"},"modified":"2020-07-19T16:58:56","modified_gmt":"2020-07-19T15:58:56","slug":"raus-aus-dem-pokal","status":"publish","type":"post","link":"https:\/\/lecarreau.de\/?p=614","title":{"rendered":"Raus aus dem Pokal"},"content":{"rendered":"<p>Am Freitag, dem 27.Juni 2008 stand die zweite Runde des OCH-Cups an. Aufgestellt waren zum einen die Spielerinnen und Spieler, die in Krofdorf daf\u00fcr gesorgt hatten, dass Marburg eine Runde weiter kommt (Herbert, Tina und Frieder). F\u00fcr Jule, Jockel und Raimund, die an diesem Tag keine Zeit hatten, kamen Olli, Vanessa und Hans in die Mannschaft. Leider war dem Marburger Boule-Club dieses Mal kein Gl\u00fcck beschieden. Mit 3:4 Siegen schied Marburg aus dem OCH-Cup aus. <!--more--><\/p>\n<p>Schade, zumal Kirtorf nicht mit der st\u00e4rksten Besetzung angetreten war und ein Sieg durchaus m\u00f6glich war. Bester Mann war aus Marburger Sicht Olli, der mit 3 Siegen vom Platz ging. Auf Kirtorfer Seite war es Charlie, der alle Spiele durch eine sehr gute Legeleistung \u00fcberzeugte.<\/p>\n<p>Einfach super war ebenso wie in Krofdorf die Bewirtung: Grillw\u00fcrstchen, Salate, K\u00e4se, Oliven und Getr\u00e4nke je nach Gusto. Vielen Dank von dieser Stelle noch mal nach Kirtorf! Wir kommen gerne wieder, auch ohne Pokalspiel.<\/p>\n<p>Die Ergebnisse im Einzelnen:<\/p>\n<p>1.Runde<\/p>\n<p>Tina, Herbert, Olli gegen Udo, Friedel und Stefan\u00a0\u00a0\u00a0\u00a0\u00a0\u00a0\u00a0\u00a0\u00a0\u00a0\u00a0\u00a0\u00a0\u00a0\u00a0\u00a0\u00a0\u00a0\u00a0\u00a0\u00a0 13:10<br \/>\nFrieder, Vanessa, Hans gegen Charlie, Atena und Johannes\u00a0\u00a0\u00a0\u00a0\u00a0 10:13<\/p>\n<p>2.Runde<\/p>\n<p>Vanessa und Olli gegen Atena und Stefan\u00a0\u00a0\u00a0\u00a0\u00a0\u00a0\u00a0\u00a0\u00a0\u00a0\u00a0\u00a0\u00a0\u00a0\u00a0\u00a0\u00a0\u00a0\u00a0\u00a0\u00a0\u00a0\u00a0\u00a0\u00a0\u00a0\u00a0\u00a0\u00a0\u00a0\u00a0\u00a0\u00a0 13:0<br \/>\nFrieder und Hans gegen Friedel und Melitta\u00a0\u00a0\u00a0\u00a0\u00a0\u00a0\u00a0\u00a0\u00a0\u00a0\u00a0\u00a0\u00a0\u00a0\u00a0\u00a0\u00a0\u00a0\u00a0\u00a0\u00a0\u00a0\u00a0\u00a0 \u00a0 \u00a0 \u00a0\u00a0 8:13<br \/>\nTina und Herbert gegen Charlie und Johannes\u00a0\u00a0\u00a0\u00a0\u00a0\u00a0\u00a0\u00a0\u00a0\u00a0\u00a0\u00a0\u00a0\u00a0\u00a0\u00a0\u00a0\u00a0\u00a0 \u00a0 \u00a0 \u00a0 \u00a0 2:13<\/p>\n<p>3.Runde<\/p>\n<p>Vanessa, Herbert und Olli gegen Charlie, Friedel und Johannes 13:9<br \/>\nFrieder, Tina und Hans gegen Udo, Atena und Stefan\u00a0\u00a0\u00a0\u00a0\u00a0\u00a0\u00a0\u00a0\u00a0\u00a0\u00a0\u00a0\u00a0\u00a0\u00a0\u00a0 9:13<\/p>\n","protected":false},"excerpt":{"rendered":"<p>Am Freitag, dem 27.Juni 2008 stand die zweite Runde des OCH-Cups an. Aufgestellt waren zum einen die Spielerinnen und Spieler, die in Krofdorf daf\u00fcr gesorgt hatten, dass Marburg eine Runde weiter kommt (Herbert, Tina und Frieder). F\u00fcr Jule, Jockel und &hellip; <a href=\"https:\/\/lecarreau.de\/?p=614\">Weiterlesen <span class=\"meta-nav\">&rarr;<\/span><\/a><\/p>\n","protected":false},"author":9,"featured_media":0,"comment_status":"closed","ping_status":"closed","sticky":false,"template":"","format":"standard","meta":{"footnotes":""},"categories":[18,21],"tags":[],"class_list":["post-614","post","type-post","status-publish","format-standard","hentry","category-alle-news","category-turnierberichte-ergebnisse"],"_links":{"self":[{"href":"https:\/\/lecarreau.de\/index.php?rest_route=\/wp\/v2\/posts\/614","targetHints":{"allow":["GET"]}}],"collection":[{"href":"https:\/\/lecarreau.de\/index.php?rest_route=\/wp\/v2\/posts"}],"about":[{"href":"https:\/\/lecarreau.de\/index.php?rest_route=\/wp\/v2\/types\/post"}],"author":[{"embeddable":true,"href":"https:\/\/lecarreau.de\/index.php?rest_route=\/wp\/v2\/users\/9"}],"replies":[{"embeddable":true,"href":"https:\/\/lecarreau.de\/index.php?rest_route=%2Fwp%2Fv2%2Fcomments&post=614"}],"version-history":[{"count":1,"href":"https:\/\/lecarreau.de\/index.php?rest_route=\/wp\/v2\/posts\/614\/revisions"}],"predecessor-version":[{"id":2331,"href":"https:\/\/lecarreau.de\/index.php?rest_route=\/wp\/v2\/posts\/614\/revisions\/2331"}],"wp:attachment":[{"href":"https:\/\/lecarreau.de\/index.php?rest_route=%2Fwp%2Fv2%2Fmedia&parent=614"}],"wp:term":[{"taxonomy":"category","embeddable":true,"href":"https:\/\/lecarreau.de\/index.php?rest_route=%2Fwp%2Fv2%2Fcategories&post=614"},{"taxonomy":"post_tag","embeddable":true,"href":"https:\/\/lecarreau.de\/index.php?rest_route=%2Fwp%2Fv2%2Ftags&post=614"}],"curies":[{"name":"wp","href":"https:\/\/api.w.org\/{rel}","templated":true}]}}