{"id":626,"date":"2008-12-17T00:22:02","date_gmt":"2008-12-16T22:22:02","guid":{"rendered":"http:\/\/marburgboule.wordpress.com\/?p=104"},"modified":"2020-07-19T16:58:56","modified_gmt":"2020-07-19T15:58:56","slug":"2-spieltag-hallen-vereinsmeisterschaft-in-hungen-14122008","status":"publish","type":"post","link":"https:\/\/lecarreau.de\/?p=626","title":{"rendered":"2. Spieltag Hallen-Vereinsmeisterschaft in Hungen 14.12.2008"},"content":{"rendered":"<p>In der Besetzung: Tina, Vanessa, Herbert, Oli, Stefan traten die Marburger zum 2. Spieltag in Hungen an. Mit 17 : 8 Punkten konnte der dritte Platz in der Tabelle hinter Gr\u00fcndau und Dieburg gehalten werden (die Mannschaft des ersten Spieltages hatte hier mit 19:6 Punkten ein hervorragendes Ergebnis vorgelegt!). Das letzte Spiel endete um 20.30 Uhr, ein langer und erfolgreicher Tag ging mit einem hartumk\u00e4mpten (von nachlassenden Kr\u00e4ften gepr\u00e4gten) Sieg im Triplette gegen Langenselbold zuende.<\/p>\n<p>Die Tabelle gibt es bei den Freunden aus Krofdorf (<a target=\"_blank\" href=\"http:\/\/www.deutschfranzosen.de\/\" rel=\"noopener noreferrer\">www.deutschfranzosen.de\/<\/a>), dort unter &#8222;Les Boulistes&#8220; und dann &#8222;Aktuelle Ergebnisse&#8220;.<\/p>\n","protected":false},"excerpt":{"rendered":"<p>In der Besetzung: Tina, Vanessa, Herbert, Oli, Stefan traten die Marburger zum 2. Spieltag in Hungen an. Mit 17 : 8 Punkten konnte der dritte Platz in der Tabelle hinter Gr\u00fcndau und Dieburg gehalten werden (die Mannschaft des ersten Spieltages &hellip; <a href=\"https:\/\/lecarreau.de\/?p=626\">Weiterlesen <span class=\"meta-nav\">&rarr;<\/span><\/a><\/p>\n","protected":false},"author":7,"featured_media":0,"comment_status":"closed","ping_status":"closed","sticky":false,"template":"","format":"standard","meta":{"footnotes":""},"categories":[18,21],"tags":[],"class_list":["post-626","post","type-post","status-publish","format-standard","hentry","category-alle-news","category-turnierberichte-ergebnisse"],"_links":{"self":[{"href":"https:\/\/lecarreau.de\/index.php?rest_route=\/wp\/v2\/posts\/626","targetHints":{"allow":["GET"]}}],"collection":[{"href":"https:\/\/lecarreau.de\/index.php?rest_route=\/wp\/v2\/posts"}],"about":[{"href":"https:\/\/lecarreau.de\/index.php?rest_route=\/wp\/v2\/types\/post"}],"author":[{"embeddable":true,"href":"https:\/\/lecarreau.de\/index.php?rest_route=\/wp\/v2\/users\/7"}],"replies":[{"embeddable":true,"href":"https:\/\/lecarreau.de\/index.php?rest_route=%2Fwp%2Fv2%2Fcomments&post=626"}],"version-history":[{"count":1,"href":"https:\/\/lecarreau.de\/index.php?rest_route=\/wp\/v2\/posts\/626\/revisions"}],"predecessor-version":[{"id":2323,"href":"https:\/\/lecarreau.de\/index.php?rest_route=\/wp\/v2\/posts\/626\/revisions\/2323"}],"wp:attachment":[{"href":"https:\/\/lecarreau.de\/index.php?rest_route=%2Fwp%2Fv2%2Fmedia&parent=626"}],"wp:term":[{"taxonomy":"category","embeddable":true,"href":"https:\/\/lecarreau.de\/index.php?rest_route=%2Fwp%2Fv2%2Fcategories&post=626"},{"taxonomy":"post_tag","embeddable":true,"href":"https:\/\/lecarreau.de\/index.php?rest_route=%2Fwp%2Fv2%2Ftags&post=626"}],"curies":[{"name":"wp","href":"https:\/\/api.w.org\/{rel}","templated":true}]}}