{"id":652,"date":"2009-07-22T20:54:53","date_gmt":"2009-07-22T18:54:53","guid":{"rendered":"http:\/\/marburgboule.wordpress.com\/?p=238"},"modified":"2020-07-19T16:59:22","modified_gmt":"2020-07-19T15:59:22","slug":"dm-mixte-vanessa-und-herbert-bestatigen-vorjahreserfolg","status":"publish","type":"post","link":"https:\/\/lecarreau.de\/?p=652","title":{"rendered":"DM-Mixte: Vanessa und Herbert best\u00e4tigen Vorjahreserfolg"},"content":{"rendered":"<p>Same procedure as last year\u00a0 &#8211; so \u00e4hnlich m\u00fcssen sich Vanessa Neumann und Herbert Zimmermann bei der deutschen Meisterschaft Mixte letztes Wochenende in Achern gef\u00fchlt haben. Ein Spiel im A-Turnier gewonnen (das war besser als letztes Jahr), die Barage leider verloren und wieder direkt ins B-Turnier. Dort allerdings ging es wieder in den zweiten Tag und am Ende gab es wieder einen Pokal f\u00fcr den dritten Platz. Und \u00e4hnlich wie im letzten Jahr hatten die Beiden den Einzug in das Finale in der Hand. Vielleicht klappt&#8217;s im n\u00e4chsten Jahr. Herzlichen Gl\u00fcckwunsch zum 3.Platz!<\/p>\n","protected":false},"excerpt":{"rendered":"<p>Same procedure as last year\u00a0 &#8211; so \u00e4hnlich m\u00fcssen sich Vanessa Neumann und Herbert Zimmermann bei der deutschen Meisterschaft Mixte letztes Wochenende in Achern gef\u00fchlt haben. Ein Spiel im A-Turnier gewonnen (das war besser als letztes Jahr), die Barage leider &hellip; <a href=\"https:\/\/lecarreau.de\/?p=652\">Weiterlesen <span class=\"meta-nav\">&rarr;<\/span><\/a><\/p>\n","protected":false},"author":9,"featured_media":0,"comment_status":"closed","ping_status":"closed","sticky":false,"template":"","format":"standard","meta":{"footnotes":""},"categories":[18,21],"tags":[],"class_list":["post-652","post","type-post","status-publish","format-standard","hentry","category-alle-news","category-turnierberichte-ergebnisse"],"_links":{"self":[{"href":"https:\/\/lecarreau.de\/index.php?rest_route=\/wp\/v2\/posts\/652","targetHints":{"allow":["GET"]}}],"collection":[{"href":"https:\/\/lecarreau.de\/index.php?rest_route=\/wp\/v2\/posts"}],"about":[{"href":"https:\/\/lecarreau.de\/index.php?rest_route=\/wp\/v2\/types\/post"}],"author":[{"embeddable":true,"href":"https:\/\/lecarreau.de\/index.php?rest_route=\/wp\/v2\/users\/9"}],"replies":[{"embeddable":true,"href":"https:\/\/lecarreau.de\/index.php?rest_route=%2Fwp%2Fv2%2Fcomments&post=652"}],"version-history":[{"count":1,"href":"https:\/\/lecarreau.de\/index.php?rest_route=\/wp\/v2\/posts\/652\/revisions"}],"predecessor-version":[{"id":2381,"href":"https:\/\/lecarreau.de\/index.php?rest_route=\/wp\/v2\/posts\/652\/revisions\/2381"}],"wp:attachment":[{"href":"https:\/\/lecarreau.de\/index.php?rest_route=%2Fwp%2Fv2%2Fmedia&parent=652"}],"wp:term":[{"taxonomy":"category","embeddable":true,"href":"https:\/\/lecarreau.de\/index.php?rest_route=%2Fwp%2Fv2%2Fcategories&post=652"},{"taxonomy":"post_tag","embeddable":true,"href":"https:\/\/lecarreau.de\/index.php?rest_route=%2Fwp%2Fv2%2Ftags&post=652"}],"curies":[{"name":"wp","href":"https:\/\/api.w.org\/{rel}","templated":true}]}}