{"id":658,"date":"2010-09-02T20:14:10","date_gmt":"2010-09-02T18:14:10","guid":{"rendered":"http:\/\/marburgboule.wordpress.com\/?p=593"},"modified":"2020-07-19T16:59:47","modified_gmt":"2020-07-19T15:59:47","slug":"sommerfest-des-mbc-im-naturfreundehaus-am-11-september","status":"publish","type":"post","link":"https:\/\/lecarreau.de\/?p=658","title":{"rendered":"Sommerfest des MBC im Naturfreundehaus am 11.September!"},"content":{"rendered":"<p>Am Samstag, dem 11. September,\u00a0 l\u00e4dt der Marburger Boule-Club seine Vereinsmitglieder sowie deren Familien, Freunde, G\u00f6nner\u00a0 und andere Boulenarren und -n\u00e4rrinnen zu seinem ersten Sp\u00e4tsommerfest nach Marburg-Marbach ins Naturfreundehaus &#8222;Steinkautenh\u00fctte&#8220; ein! Los geht es um 16 Uhr.<br \/>\nWir wollen zusammen essen und trinken, reden und lachen, vielleicht Musik machen oder tanzen, also ein klein bisschen feiern. Es w\u00e4re sch\u00f6n, wenn ihr mit Familie und\/oder Freunden, guter Laune, vielleicht mit einer Idee zur Abendgestaltung, oder einem Kuchen\/ Salat<a href=\"http:\/\/marburgboule.files.wordpress.com\/2010\/09\/anfahrt_nfh_marb.pdf\"> <\/a><a href=\"http:\/\/marburgboule.files.wordpress.com\/2010\/09\/anfahrt_nfh_marb.pdf\"><\/a>kommen und zum guten Gelingen unseres Festes beitragen w\u00fcrdet! Auch das eine oder andere Spielchen ist m\u00f6glich, im Mittelpunkt soll jedoch das &#8222;gesellige Miteinander&#8220; stehen!<br \/>\nF\u00fcr Getr\u00e4nke und Grillw\u00fcrstchen sorgt der Verein.<\/p>\n<p><a href=\"http:\/\/marburgboule.files.wordpress.com\/2010\/09\/anfahrt_nfh_marb.pdf\">A<\/a><a href=\"http:\/\/marburgboule.files.wordpress.com\/2010\/09\/anfahrt_nfh_marb.pdf\">nfahrt_NFH_Marb<\/a><\/p>\n","protected":false},"excerpt":{"rendered":"<p>Am Samstag, dem 11. September,\u00a0 l\u00e4dt der Marburger Boule-Club seine Vereinsmitglieder sowie deren Familien, Freunde, G\u00f6nner\u00a0 und andere Boulenarren und -n\u00e4rrinnen zu seinem ersten Sp\u00e4tsommerfest nach Marburg-Marbach ins Naturfreundehaus &#8222;Steinkautenh\u00fctte&#8220; ein! Los geht es um 16 Uhr. Wir wollen zusammen &hellip; <a href=\"https:\/\/lecarreau.de\/?p=658\">Weiterlesen <span class=\"meta-nav\">&rarr;<\/span><\/a><\/p>\n","protected":false},"author":6,"featured_media":0,"comment_status":"closed","ping_status":"closed","sticky":false,"template":"","format":"standard","meta":{"footnotes":""},"categories":[18,22],"tags":[],"class_list":["post-658","post","type-post","status-publish","format-standard","hentry","category-alle-news","category-veranstaltungen-turnierankundigungen"],"_links":{"self":[{"href":"https:\/\/lecarreau.de\/index.php?rest_route=\/wp\/v2\/posts\/658","targetHints":{"allow":["GET"]}}],"collection":[{"href":"https:\/\/lecarreau.de\/index.php?rest_route=\/wp\/v2\/posts"}],"about":[{"href":"https:\/\/lecarreau.de\/index.php?rest_route=\/wp\/v2\/types\/post"}],"author":[{"embeddable":true,"href":"https:\/\/lecarreau.de\/index.php?rest_route=\/wp\/v2\/users\/6"}],"replies":[{"embeddable":true,"href":"https:\/\/lecarreau.de\/index.php?rest_route=%2Fwp%2Fv2%2Fcomments&post=658"}],"version-history":[{"count":1,"href":"https:\/\/lecarreau.de\/index.php?rest_route=\/wp\/v2\/posts\/658\/revisions"}],"predecessor-version":[{"id":2407,"href":"https:\/\/lecarreau.de\/index.php?rest_route=\/wp\/v2\/posts\/658\/revisions\/2407"}],"wp:attachment":[{"href":"https:\/\/lecarreau.de\/index.php?rest_route=%2Fwp%2Fv2%2Fmedia&parent=658"}],"wp:term":[{"taxonomy":"category","embeddable":true,"href":"https:\/\/lecarreau.de\/index.php?rest_route=%2Fwp%2Fv2%2Fcategories&post=658"},{"taxonomy":"post_tag","embeddable":true,"href":"https:\/\/lecarreau.de\/index.php?rest_route=%2Fwp%2Fv2%2Ftags&post=658"}],"curies":[{"name":"wp","href":"https:\/\/api.w.org\/{rel}","templated":true}]}}