{"id":746,"date":"2010-10-02T11:25:46","date_gmt":"2010-10-02T09:25:46","guid":{"rendered":"http:\/\/lecarreau.de\/?p=746"},"modified":"2020-07-19T16:59:47","modified_gmt":"2020-07-19T15:59:47","slug":"das-war-wunderschon","status":"publish","type":"post","link":"https:\/\/lecarreau.de\/?p=746","title":{"rendered":"&#8222;Das war wundersch\u00f6n!&#8220;"},"content":{"rendered":"<p>befand nicht allein Jockel \u00fcber unser erstes Sommerfest. Die Sonne zeigte sich nach einer Reihe von Regentagen,  und die Steinkautenh\u00fctte erwies sich mit M\u00f6glichkeiten zum Grillen, Lagerfeuer und Boulespielen als idealer Ort f\u00fcr unsere kleine Veranstaltung.<br \/>\nVielen Dank an Karin und Hans f\u00fcr die Fotos, mit denen sie die Stimmung sehr sch\u00f6n eingefangen haben.<\/p>\n<p><a href=\"https:\/\/lecarreau.de\/?page_id=752\" target=\"_self\" rel=\"noopener noreferrer\">-&gt; zu den Bildern<\/a><\/p>\n","protected":false},"excerpt":{"rendered":"<p>befand nicht allein Jockel \u00fcber unser erstes Sommerfest. Die Sonne zeigte sich nach einer Reihe von Regentagen, und die Steinkautenh\u00fctte erwies sich mit M\u00f6glichkeiten zum Grillen, Lagerfeuer und Boulespielen als idealer Ort f\u00fcr unsere kleine Veranstaltung. Vielen Dank an Karin &hellip; <a href=\"https:\/\/lecarreau.de\/?p=746\">Weiterlesen <span class=\"meta-nav\">&rarr;<\/span><\/a><\/p>\n","protected":false},"author":1,"featured_media":0,"comment_status":"closed","ping_status":"open","sticky":false,"template":"","format":"standard","meta":{"footnotes":""},"categories":[1,29],"tags":[30],"class_list":["post-746","post","type-post","status-publish","format-standard","hentry","category-uncategorized","category-bilder","tag-sommerfest"],"_links":{"self":[{"href":"https:\/\/lecarreau.de\/index.php?rest_route=\/wp\/v2\/posts\/746","targetHints":{"allow":["GET"]}}],"collection":[{"href":"https:\/\/lecarreau.de\/index.php?rest_route=\/wp\/v2\/posts"}],"about":[{"href":"https:\/\/lecarreau.de\/index.php?rest_route=\/wp\/v2\/types\/post"}],"author":[{"embeddable":true,"href":"https:\/\/lecarreau.de\/index.php?rest_route=\/wp\/v2\/users\/1"}],"replies":[{"embeddable":true,"href":"https:\/\/lecarreau.de\/index.php?rest_route=%2Fwp%2Fv2%2Fcomments&post=746"}],"version-history":[{"count":10,"href":"https:\/\/lecarreau.de\/index.php?rest_route=\/wp\/v2\/posts\/746\/revisions"}],"predecessor-version":[{"id":2403,"href":"https:\/\/lecarreau.de\/index.php?rest_route=\/wp\/v2\/posts\/746\/revisions\/2403"}],"wp:attachment":[{"href":"https:\/\/lecarreau.de\/index.php?rest_route=%2Fwp%2Fv2%2Fmedia&parent=746"}],"wp:term":[{"taxonomy":"category","embeddable":true,"href":"https:\/\/lecarreau.de\/index.php?rest_route=%2Fwp%2Fv2%2Fcategories&post=746"},{"taxonomy":"post_tag","embeddable":true,"href":"https:\/\/lecarreau.de\/index.php?rest_route=%2Fwp%2Fv2%2Ftags&post=746"}],"curies":[{"name":"wp","href":"https:\/\/api.w.org\/{rel}","templated":true}]}}