{"id":785,"date":"2010-11-09T12:10:42","date_gmt":"2010-11-09T10:10:42","guid":{"rendered":"http:\/\/lecarreau.de\/?p=785"},"modified":"2020-07-19T17:00:01","modified_gmt":"2020-07-19T16:00:01","slug":"eine-torte-fur-gladenbach-2","status":"publish","type":"post","link":"https:\/\/lecarreau.de\/?p=785","title":{"rendered":"Eine Torte f\u00fcr Gladenbach"},"content":{"rendered":"<p>Am Sonntag, 31.10.10 haben viele flei\u00dfige Entwicklungshelfer aus unserem Verein bei prachtvollem, sp\u00e4therbstlichem Sonnenschein dazu beigetragen, dass die Einweihung des Gladenbacher Bouleplatz eine gelungene Veranstaltung wurde. Bei freien Getr\u00e4nken und ein paar launigen Spielchen und einer au\u00dfergew\u00f6hnlich h\u00fcbschen Bouletorte (Christiane sei Dank!) hatten alle eine gute Zeit. <a href=\"https:\/\/lecarreau.de\/wp-content\/uploads\/2010\/11\/bouletorte.jpg\"><img loading=\"lazy\" decoding=\"async\" class=\"aligncenter size-medium wp-image-813\" title=\"bouletorte\" src=\"https:\/\/lecarreau.de\/wp-content\/uploads\/2010\/11\/bouletorte-300x225.jpg\" alt=\"\" width=\"300\" height=\"225\" srcset=\"https:\/\/lecarreau.de\/wp-content\/uploads\/2010\/11\/bouletorte-300x225.jpg 300w, https:\/\/lecarreau.de\/wp-content\/uploads\/2010\/11\/bouletorte.jpg 480w\" sizes=\"auto, (max-width: 300px) 100vw, 300px\" \/><\/a>Danke noch mal f\u00fcrs mitmachen an Christiane und Frank, Susanne und Klaus, Udo und Sabine und Wolfgang S.<\/p>\n<p>Wolfgang G<\/p>\n","protected":false},"excerpt":{"rendered":"<p>Am Sonntag, 31.10.10 haben viele flei\u00dfige Entwicklungshelfer aus unserem Verein bei prachtvollem, sp\u00e4therbstlichem Sonnenschein dazu beigetragen, dass die Einweihung des Gladenbacher Bouleplatz eine gelungene Veranstaltung wurde. Bei freien Getr\u00e4nken und ein paar launigen Spielchen und einer au\u00dfergew\u00f6hnlich h\u00fcbschen Bouletorte (Christiane &hellip; <a href=\"https:\/\/lecarreau.de\/?p=785\">Weiterlesen <span class=\"meta-nav\">&rarr;<\/span><\/a><\/p>\n","protected":false},"author":11,"featured_media":0,"comment_status":"closed","ping_status":"open","sticky":false,"template":"","format":"standard","meta":{"footnotes":""},"categories":[1],"tags":[],"class_list":["post-785","post","type-post","status-publish","format-standard","hentry","category-uncategorized"],"_links":{"self":[{"href":"https:\/\/lecarreau.de\/index.php?rest_route=\/wp\/v2\/posts\/785","targetHints":{"allow":["GET"]}}],"collection":[{"href":"https:\/\/lecarreau.de\/index.php?rest_route=\/wp\/v2\/posts"}],"about":[{"href":"https:\/\/lecarreau.de\/index.php?rest_route=\/wp\/v2\/types\/post"}],"author":[{"embeddable":true,"href":"https:\/\/lecarreau.de\/index.php?rest_route=\/wp\/v2\/users\/11"}],"replies":[{"embeddable":true,"href":"https:\/\/lecarreau.de\/index.php?rest_route=%2Fwp%2Fv2%2Fcomments&post=785"}],"version-history":[{"count":11,"href":"https:\/\/lecarreau.de\/index.php?rest_route=\/wp\/v2\/posts\/785\/revisions"}],"predecessor-version":[{"id":816,"href":"https:\/\/lecarreau.de\/index.php?rest_route=\/wp\/v2\/posts\/785\/revisions\/816"}],"wp:attachment":[{"href":"https:\/\/lecarreau.de\/index.php?rest_route=%2Fwp%2Fv2%2Fmedia&parent=785"}],"wp:term":[{"taxonomy":"category","embeddable":true,"href":"https:\/\/lecarreau.de\/index.php?rest_route=%2Fwp%2Fv2%2Fcategories&post=785"},{"taxonomy":"post_tag","embeddable":true,"href":"https:\/\/lecarreau.de\/index.php?rest_route=%2Fwp%2Fv2%2Ftags&post=785"}],"curies":[{"name":"wp","href":"https:\/\/api.w.org\/{rel}","templated":true}]}}